{"id":5860,"date":"2026-03-27T14:10:29","date_gmt":"2026-03-27T20:10:29","guid":{"rendered":"https:\/\/desarrollosiglo21.com\/?p=5860"},"modified":"2026-03-27T14:10:29","modified_gmt":"2026-03-27T20:10:29","slug":"la-asociacion-de-transportistas-de-carga-nld-presente-en-el-4to-informe-de-gobierno-del-gobernador-americo-villarreal","status":"publish","type":"post","link":"https:\/\/desarrollosiglo21.com\/index.php\/2026\/03\/27\/la-asociacion-de-transportistas-de-carga-nld-presente-en-el-4to-informe-de-gobierno-del-gobernador-americo-villarreal\/","title":{"rendered":"La Asociaci\u00f3n de Transportistas de Carga NLD  presente en el 4to Informe de gobierno del Gobernador Am\u00e9rico Villarreal"},"content":{"rendered":"<p>Representantes de la Asociaci\u00f3n de Transportistas de Carga (ATC) de Nuevo Laredo asistieron al 4to Informe de Gobierno del gobernador de Tamaulipas, Am\u00e9rico Villarreal Anaya, reafirmando la presencia del gremio transportista en los espacios de relevancia pol\u00edtica y social. Durante el evento, coincidieron con autoridades y l\u00edderes locales, entre ellos la alcaldesa Carmen Lilia Canturosas, la senadora Olga Sosa Ruiz y representantes del sector aduanal e industrial.<\/p>\n","protected":false},"excerpt":{"rendered":"<p>Representantes de la Asociaci\u00f3n de Transportistas de Carga (ATC) de<\/p>\n","protected":false},"author":2,"featured_media":5861,"comment_status":"open","ping_status":"open","sticky":false,"template":"","format":"standard","meta":{"footnotes":""},"categories":[4],"tags":[],"class_list":["post-5860","post","type-post","status-publish","format-standard","has-post-thumbnail","hentry","category-locales"],"aioseo_notices":[],"aioseo_head":"\n\t\t<!-- All in One SEO 4.9.10 - aioseo.com -->\n\t<meta name=\"description\" content=\"Representantes de la Asociaci\u00f3n de Transportistas de Carga (ATC) de Nuevo Laredo asistieron al 4to Informe de Gobierno del gobernador de Tamaulipas, Am\u00e9rico Villarreal Anaya, reafirmando la presencia del gremio transportista en los espacios de relevancia pol\u00edtica y social. Durante el evento, coincidieron con autoridades y l\u00edderes locales, entre ellos la alcaldesa Carmen Lilia Canturosas,\" \/>\n\t<meta name=\"robots\" content=\"max-image-preview:large\" \/>\n\t<meta name=\"author\" content=\"Minerva Oseguera\"\/>\n\t<link rel=\"canonical\" href=\"https:\/\/desarrollosiglo21.com\/index.php\/2026\/03\/27\/la-asociacion-de-transportistas-de-carga-nld-presente-en-el-4to-informe-de-gobierno-del-gobernador-americo-villarreal\/\" \/>\n\t<meta name=\"generator\" content=\"All in One SEO (AIOSEO) 4.9.10\" \/>\n\t\t<meta property=\"og:locale\" content=\"es_MX\" \/>\n\t\t<meta property=\"og:site_name\" content=\"Desarrollo Siglo XXI - Revista Digital de Informaci\u00f3n y Negocios en Comercio Exterior\" \/>\n\t\t<meta property=\"og:type\" content=\"article\" \/>\n\t\t<meta property=\"og:title\" content=\"La Asociaci\u00f3n de Transportistas de Carga NLD presente en el 4to Informe de gobierno del Gobernador Am\u00e9rico Villarreal - Desarrollo Siglo XXI\" \/>\n\t\t<meta property=\"og:description\" content=\"Representantes de la Asociaci\u00f3n de Transportistas de Carga (ATC) de Nuevo Laredo asistieron al 4to Informe de Gobierno del gobernador de Tamaulipas, Am\u00e9rico Villarreal Anaya, reafirmando la presencia del gremio transportista en los espacios de relevancia pol\u00edtica y social. Durante el evento, coincidieron con autoridades y l\u00edderes locales, entre ellos la alcaldesa Carmen Lilia Canturosas,\" \/>\n\t\t<meta property=\"og:url\" content=\"https:\/\/desarrollosiglo21.com\/index.php\/2026\/03\/27\/la-asociacion-de-transportistas-de-carga-nld-presente-en-el-4to-informe-de-gobierno-del-gobernador-americo-villarreal\/\" \/>\n\t\t<meta property=\"og:image\" content=\"https:\/\/desarrollosiglo21.com\/wp-content\/uploads\/2026\/06\/cropped-logo-4.png\" \/>\n\t\t<meta property=\"og:image:secure_url\" content=\"https:\/\/desarrollosiglo21.com\/wp-content\/uploads\/2026\/06\/cropped-logo-4.png\" \/>\n\t\t<meta property=\"article:published_time\" content=\"2026-03-27T20:10:29+00:00\" \/>\n\t\t<meta property=\"article:modified_time\" content=\"2026-03-27T20:10:29+00:00\" \/>\n\t\t<meta property=\"article:publisher\" content=\"https:\/\/facebook.com\/dsiglo21\" \/>\n\t\t<meta name=\"twitter:card\" content=\"summary_large_image\" \/>\n\t\t<meta name=\"twitter:title\" content=\"La Asociaci\u00f3n de Transportistas de Carga NLD presente en el 4to Informe de gobierno del Gobernador Am\u00e9rico Villarreal - Desarrollo Siglo XXI\" \/>\n\t\t<meta name=\"twitter:description\" content=\"Representantes de la Asociaci\u00f3n de Transportistas de Carga (ATC) de Nuevo Laredo asistieron al 4to Informe de Gobierno del gobernador de Tamaulipas, Am\u00e9rico Villarreal Anaya, reafirmando la presencia del gremio transportista en los espacios de relevancia pol\u00edtica y social. Durante el evento, coincidieron con autoridades y l\u00edderes locales, entre ellos la alcaldesa Carmen Lilia Canturosas,\" \/>\n\t\t<meta name=\"twitter:image\" content=\"https:\/\/desarrollosiglo21.com\/wp-content\/uploads\/2026\/06\/cropped-logo-4.png\" \/>\n\t\t<script type=\"application\/ld+json\" class=\"aioseo-schema\">\n\t\t\t{\"@context\":\"https:\\\/\\\/schema.org\",\"@graph\":[{\"@type\":\"BlogPosting\",\"@id\":\"https:\\\/\\\/desarrollosiglo21.com\\\/index.php\\\/2026\\\/03\\\/27\\\/la-asociacion-de-transportistas-de-carga-nld-presente-en-el-4to-informe-de-gobierno-del-gobernador-americo-villarreal\\\/#blogposting\",\"name\":\"La Asociaci\\u00f3n de Transportistas de Carga NLD presente en el 4to Informe de gobierno del Gobernador Am\\u00e9rico Villarreal - Desarrollo Siglo XXI\",\"headline\":\"La Asociaci\\u00f3n de Transportistas de Carga NLD  presente en el 4to Informe de gobierno del Gobernador Am\\u00e9rico Villarreal\",\"author\":{\"@id\":\"https:\\\/\\\/desarrollosiglo21.com\\\/index.php\\\/author\\\/minerva-oseguera\\\/#author\"},\"publisher\":{\"@id\":\"https:\\\/\\\/desarrollosiglo21.com\\\/#organization\"},\"image\":{\"@type\":\"ImageObject\",\"url\":\"https:\\\/\\\/desarrollosiglo21.com\\\/wp-content\\\/uploads\\\/2026\\\/03\\\/IMG_6731.jpeg\",\"width\":960,\"height\":960},\"datePublished\":\"2026-03-27T14:10:29-06:00\",\"dateModified\":\"2026-03-27T14:10:29-06:00\",\"inLanguage\":\"es-MX\",\"mainEntityOfPage\":{\"@id\":\"https:\\\/\\\/desarrollosiglo21.com\\\/index.php\\\/2026\\\/03\\\/27\\\/la-asociacion-de-transportistas-de-carga-nld-presente-en-el-4to-informe-de-gobierno-del-gobernador-americo-villarreal\\\/#webpage\"},\"isPartOf\":{\"@id\":\"https:\\\/\\\/desarrollosiglo21.com\\\/index.php\\\/2026\\\/03\\\/27\\\/la-asociacion-de-transportistas-de-carga-nld-presente-en-el-4to-informe-de-gobierno-del-gobernador-americo-villarreal\\\/#webpage\"},\"articleSection\":\"Locales\"},{\"@type\":\"BreadcrumbList\",\"@id\":\"https:\\\/\\\/desarrollosiglo21.com\\\/index.php\\\/2026\\\/03\\\/27\\\/la-asociacion-de-transportistas-de-carga-nld-presente-en-el-4to-informe-de-gobierno-del-gobernador-americo-villarreal\\\/#breadcrumblist\",\"itemListElement\":[{\"@type\":\"ListItem\",\"@id\":\"https:\\\/\\\/desarrollosiglo21.com#listItem\",\"position\":1,\"name\":\"Inicio\",\"item\":\"https:\\\/\\\/desarrollosiglo21.com\",\"nextItem\":{\"@type\":\"ListItem\",\"@id\":\"https:\\\/\\\/desarrollosiglo21.com\\\/index.php\\\/category\\\/locales\\\/#listItem\",\"name\":\"Locales\"}},{\"@type\":\"ListItem\",\"@id\":\"https:\\\/\\\/desarrollosiglo21.com\\\/index.php\\\/category\\\/locales\\\/#listItem\",\"position\":2,\"name\":\"Locales\",\"item\":\"https:\\\/\\\/desarrollosiglo21.com\\\/index.php\\\/category\\\/locales\\\/\",\"nextItem\":{\"@type\":\"ListItem\",\"@id\":\"https:\\\/\\\/desarrollosiglo21.com\\\/index.php\\\/2026\\\/03\\\/27\\\/la-asociacion-de-transportistas-de-carga-nld-presente-en-el-4to-informe-de-gobierno-del-gobernador-americo-villarreal\\\/#listItem\",\"name\":\"La Asociaci\\u00f3n de Transportistas de Carga NLD  presente en el 4to Informe de gobierno del Gobernador Am\\u00e9rico Villarreal\"},\"previousItem\":{\"@type\":\"ListItem\",\"@id\":\"https:\\\/\\\/desarrollosiglo21.com#listItem\",\"name\":\"Inicio\"}},{\"@type\":\"ListItem\",\"@id\":\"https:\\\/\\\/desarrollosiglo21.com\\\/index.php\\\/2026\\\/03\\\/27\\\/la-asociacion-de-transportistas-de-carga-nld-presente-en-el-4to-informe-de-gobierno-del-gobernador-americo-villarreal\\\/#listItem\",\"position\":3,\"name\":\"La Asociaci\\u00f3n de Transportistas de Carga NLD  presente en el 4to Informe de gobierno del Gobernador Am\\u00e9rico Villarreal\",\"previousItem\":{\"@type\":\"ListItem\",\"@id\":\"https:\\\/\\\/desarrollosiglo21.com\\\/index.php\\\/category\\\/locales\\\/#listItem\",\"name\":\"Locales\"}}]},{\"@type\":\"Organization\",\"@id\":\"https:\\\/\\\/desarrollosiglo21.com\\\/#organization\",\"name\":\"Desarrollo Siglo XXI\",\"description\":\"Revista Digital de Informaci\\u00f3n y Negocios en Comercio Exterior\",\"url\":\"https:\\\/\\\/desarrollosiglo21.com\\\/\",\"logo\":{\"@type\":\"ImageObject\",\"url\":\"https:\\\/\\\/desarrollosiglo21.com\\\/wp-content\\\/uploads\\\/2026\\\/06\\\/cropped-logo-4.png\",\"@id\":\"https:\\\/\\\/desarrollosiglo21.com\\\/index.php\\\/2026\\\/03\\\/27\\\/la-asociacion-de-transportistas-de-carga-nld-presente-en-el-4to-informe-de-gobierno-del-gobernador-americo-villarreal\\\/#organizationLogo\",\"width\":750,\"height\":287},\"image\":{\"@id\":\"https:\\\/\\\/desarrollosiglo21.com\\\/index.php\\\/2026\\\/03\\\/27\\\/la-asociacion-de-transportistas-de-carga-nld-presente-en-el-4to-informe-de-gobierno-del-gobernador-americo-villarreal\\\/#organizationLogo\"},\"sameAs\":[\"https:\\\/\\\/facebook.com\\\/dsiglo21\",\"https:\\\/\\\/instagram.com\\\/dsigloxxi\",\"https:\\\/\\\/www.youtube.com\\\/@minervaoseguera8503\"]},{\"@type\":\"Person\",\"@id\":\"https:\\\/\\\/desarrollosiglo21.com\\\/index.php\\\/author\\\/minerva-oseguera\\\/#author\",\"url\":\"https:\\\/\\\/desarrollosiglo21.com\\\/index.php\\\/author\\\/minerva-oseguera\\\/\",\"name\":\"Minerva Oseguera\",\"image\":{\"@type\":\"ImageObject\",\"@id\":\"https:\\\/\\\/desarrollosiglo21.com\\\/index.php\\\/2026\\\/03\\\/27\\\/la-asociacion-de-transportistas-de-carga-nld-presente-en-el-4to-informe-de-gobierno-del-gobernador-americo-villarreal\\\/#authorImage\",\"url\":\"https:\\\/\\\/desarrollosiglo21.com\\\/wp-content\\\/litespeed\\\/avatar\\\/5de497389262628152d49908301e9dd4.jpg?ver=1788128803\",\"width\":96,\"height\":96,\"caption\":\"Minerva Oseguera\"}},{\"@type\":\"WebPage\",\"@id\":\"https:\\\/\\\/desarrollosiglo21.com\\\/index.php\\\/2026\\\/03\\\/27\\\/la-asociacion-de-transportistas-de-carga-nld-presente-en-el-4to-informe-de-gobierno-del-gobernador-americo-villarreal\\\/#webpage\",\"url\":\"https:\\\/\\\/desarrollosiglo21.com\\\/index.php\\\/2026\\\/03\\\/27\\\/la-asociacion-de-transportistas-de-carga-nld-presente-en-el-4to-informe-de-gobierno-del-gobernador-americo-villarreal\\\/\",\"name\":\"La Asociaci\\u00f3n de Transportistas de Carga NLD presente en el 4to Informe de gobierno del Gobernador Am\\u00e9rico Villarreal - Desarrollo Siglo XXI\",\"description\":\"Representantes de la Asociaci\\u00f3n de Transportistas de Carga (ATC) de Nuevo Laredo asistieron al 4to Informe de Gobierno del gobernador de Tamaulipas, Am\\u00e9rico Villarreal Anaya, reafirmando la presencia del gremio transportista en los espacios de relevancia pol\\u00edtica y social. Durante el evento, coincidieron con autoridades y l\\u00edderes locales, entre ellos la alcaldesa Carmen Lilia Canturosas,\",\"inLanguage\":\"es-MX\",\"isPartOf\":{\"@id\":\"https:\\\/\\\/desarrollosiglo21.com\\\/#website\"},\"breadcrumb\":{\"@id\":\"https:\\\/\\\/desarrollosiglo21.com\\\/index.php\\\/2026\\\/03\\\/27\\\/la-asociacion-de-transportistas-de-carga-nld-presente-en-el-4to-informe-de-gobierno-del-gobernador-americo-villarreal\\\/#breadcrumblist\"},\"author\":{\"@id\":\"https:\\\/\\\/desarrollosiglo21.com\\\/index.php\\\/author\\\/minerva-oseguera\\\/#author\"},\"creator\":{\"@id\":\"https:\\\/\\\/desarrollosiglo21.com\\\/index.php\\\/author\\\/minerva-oseguera\\\/#author\"},\"image\":{\"@type\":\"ImageObject\",\"url\":\"https:\\\/\\\/desarrollosiglo21.com\\\/wp-content\\\/uploads\\\/2026\\\/03\\\/IMG_6731.jpeg\",\"@id\":\"https:\\\/\\\/desarrollosiglo21.com\\\/index.php\\\/2026\\\/03\\\/27\\\/la-asociacion-de-transportistas-de-carga-nld-presente-en-el-4to-informe-de-gobierno-del-gobernador-americo-villarreal\\\/#mainImage\",\"width\":960,\"height\":960},\"primaryImageOfPage\":{\"@id\":\"https:\\\/\\\/desarrollosiglo21.com\\\/index.php\\\/2026\\\/03\\\/27\\\/la-asociacion-de-transportistas-de-carga-nld-presente-en-el-4to-informe-de-gobierno-del-gobernador-americo-villarreal\\\/#mainImage\"},\"datePublished\":\"2026-03-27T14:10:29-06:00\",\"dateModified\":\"2026-03-27T14:10:29-06:00\"},{\"@type\":\"WebSite\",\"@id\":\"https:\\\/\\\/desarrollosiglo21.com\\\/#website\",\"url\":\"https:\\\/\\\/desarrollosiglo21.com\\\/\",\"name\":\"Desarrollo Siglo XXI\",\"description\":\"Revista Digital de Informaci\\u00f3n y Negocios en Comercio Exterior\",\"inLanguage\":\"es-MX\",\"publisher\":{\"@id\":\"https:\\\/\\\/desarrollosiglo21.com\\\/#organization\"}}]}\n\t\t<\/script>\n\t\t<!-- All in One SEO -->\n\n","aioseo_head_json":{"title":"La Asociaci\u00f3n de Transportistas de Carga NLD presente en el 4to Informe de gobierno del Gobernador Am\u00e9rico Villarreal - Desarrollo Siglo XXI","description":"Representantes de la Asociaci\u00f3n de Transportistas de Carga (ATC) de Nuevo Laredo asistieron al 4to Informe de Gobierno del gobernador de Tamaulipas, Am\u00e9rico Villarreal Anaya, reafirmando la presencia del gremio transportista en los espacios de relevancia pol\u00edtica y social. Durante el evento, coincidieron con autoridades y l\u00edderes locales, entre ellos la alcaldesa Carmen Lilia Canturosas,","canonical_url":"https:\/\/desarrollosiglo21.com\/index.php\/2026\/03\/27\/la-asociacion-de-transportistas-de-carga-nld-presente-en-el-4to-informe-de-gobierno-del-gobernador-americo-villarreal\/","robots":"max-image-preview:large","keywords":"","webmasterTools":{"miscellaneous":""},"schema":{"@context":"https:\/\/schema.org","@graph":[{"@type":"BlogPosting","@id":"https:\/\/desarrollosiglo21.com\/index.php\/2026\/03\/27\/la-asociacion-de-transportistas-de-carga-nld-presente-en-el-4to-informe-de-gobierno-del-gobernador-americo-villarreal\/#blogposting","name":"La Asociaci\u00f3n de Transportistas de Carga NLD presente en el 4to Informe de gobierno del Gobernador Am\u00e9rico Villarreal - Desarrollo Siglo XXI","headline":"La Asociaci\u00f3n de Transportistas de Carga NLD  presente en el 4to Informe de gobierno del Gobernador Am\u00e9rico Villarreal","author":{"@id":"https:\/\/desarrollosiglo21.com\/index.php\/author\/minerva-oseguera\/#author"},"publisher":{"@id":"https:\/\/desarrollosiglo21.com\/#organization"},"image":{"@type":"ImageObject","url":"https:\/\/desarrollosiglo21.com\/wp-content\/uploads\/2026\/03\/IMG_6731.jpeg","width":960,"height":960},"datePublished":"2026-03-27T14:10:29-06:00","dateModified":"2026-03-27T14:10:29-06:00","inLanguage":"es-MX","mainEntityOfPage":{"@id":"https:\/\/desarrollosiglo21.com\/index.php\/2026\/03\/27\/la-asociacion-de-transportistas-de-carga-nld-presente-en-el-4to-informe-de-gobierno-del-gobernador-americo-villarreal\/#webpage"},"isPartOf":{"@id":"https:\/\/desarrollosiglo21.com\/index.php\/2026\/03\/27\/la-asociacion-de-transportistas-de-carga-nld-presente-en-el-4to-informe-de-gobierno-del-gobernador-americo-villarreal\/#webpage"},"articleSection":"Locales"},{"@type":"BreadcrumbList","@id":"https:\/\/desarrollosiglo21.com\/index.php\/2026\/03\/27\/la-asociacion-de-transportistas-de-carga-nld-presente-en-el-4to-informe-de-gobierno-del-gobernador-americo-villarreal\/#breadcrumblist","itemListElement":[{"@type":"ListItem","@id":"https:\/\/desarrollosiglo21.com#listItem","position":1,"name":"Inicio","item":"https:\/\/desarrollosiglo21.com","nextItem":{"@type":"ListItem","@id":"https:\/\/desarrollosiglo21.com\/index.php\/category\/locales\/#listItem","name":"Locales"}},{"@type":"ListItem","@id":"https:\/\/desarrollosiglo21.com\/index.php\/category\/locales\/#listItem","position":2,"name":"Locales","item":"https:\/\/desarrollosiglo21.com\/index.php\/category\/locales\/","nextItem":{"@type":"ListItem","@id":"https:\/\/desarrollosiglo21.com\/index.php\/2026\/03\/27\/la-asociacion-de-transportistas-de-carga-nld-presente-en-el-4to-informe-de-gobierno-del-gobernador-americo-villarreal\/#listItem","name":"La Asociaci\u00f3n de Transportistas de Carga NLD  presente en el 4to Informe de gobierno del Gobernador Am\u00e9rico Villarreal"},"previousItem":{"@type":"ListItem","@id":"https:\/\/desarrollosiglo21.com#listItem","name":"Inicio"}},{"@type":"ListItem","@id":"https:\/\/desarrollosiglo21.com\/index.php\/2026\/03\/27\/la-asociacion-de-transportistas-de-carga-nld-presente-en-el-4to-informe-de-gobierno-del-gobernador-americo-villarreal\/#listItem","position":3,"name":"La Asociaci\u00f3n de Transportistas de Carga NLD  presente en el 4to Informe de gobierno del Gobernador Am\u00e9rico Villarreal","previousItem":{"@type":"ListItem","@id":"https:\/\/desarrollosiglo21.com\/index.php\/category\/locales\/#listItem","name":"Locales"}}]},{"@type":"Organization","@id":"https:\/\/desarrollosiglo21.com\/#organization","name":"Desarrollo Siglo XXI","description":"Revista Digital de Informaci\u00f3n y Negocios en Comercio Exterior","url":"https:\/\/desarrollosiglo21.com\/","logo":{"@type":"ImageObject","url":"https:\/\/desarrollosiglo21.com\/wp-content\/uploads\/2026\/06\/cropped-logo-4.png","@id":"https:\/\/desarrollosiglo21.com\/index.php\/2026\/03\/27\/la-asociacion-de-transportistas-de-carga-nld-presente-en-el-4to-informe-de-gobierno-del-gobernador-americo-villarreal\/#organizationLogo","width":750,"height":287},"image":{"@id":"https:\/\/desarrollosiglo21.com\/index.php\/2026\/03\/27\/la-asociacion-de-transportistas-de-carga-nld-presente-en-el-4to-informe-de-gobierno-del-gobernador-americo-villarreal\/#organizationLogo"},"sameAs":["https:\/\/facebook.com\/dsiglo21","https:\/\/instagram.com\/dsigloxxi","https:\/\/www.youtube.com\/@minervaoseguera8503"]},{"@type":"Person","@id":"https:\/\/desarrollosiglo21.com\/index.php\/author\/minerva-oseguera\/#author","url":"https:\/\/desarrollosiglo21.com\/index.php\/author\/minerva-oseguera\/","name":"Minerva Oseguera","image":{"@type":"ImageObject","@id":"https:\/\/desarrollosiglo21.com\/index.php\/2026\/03\/27\/la-asociacion-de-transportistas-de-carga-nld-presente-en-el-4to-informe-de-gobierno-del-gobernador-americo-villarreal\/#authorImage","url":"https:\/\/desarrollosiglo21.com\/wp-content\/litespeed\/avatar\/5de497389262628152d49908301e9dd4.jpg?ver=1788128803","width":96,"height":96,"caption":"Minerva Oseguera"}},{"@type":"WebPage","@id":"https:\/\/desarrollosiglo21.com\/index.php\/2026\/03\/27\/la-asociacion-de-transportistas-de-carga-nld-presente-en-el-4to-informe-de-gobierno-del-gobernador-americo-villarreal\/#webpage","url":"https:\/\/desarrollosiglo21.com\/index.php\/2026\/03\/27\/la-asociacion-de-transportistas-de-carga-nld-presente-en-el-4to-informe-de-gobierno-del-gobernador-americo-villarreal\/","name":"La Asociaci\u00f3n de Transportistas de Carga NLD presente en el 4to Informe de gobierno del Gobernador Am\u00e9rico Villarreal - Desarrollo Siglo XXI","description":"Representantes de la Asociaci\u00f3n de Transportistas de Carga (ATC) de Nuevo Laredo asistieron al 4to Informe de Gobierno del gobernador de Tamaulipas, Am\u00e9rico Villarreal Anaya, reafirmando la presencia del gremio transportista en los espacios de relevancia pol\u00edtica y social. Durante el evento, coincidieron con autoridades y l\u00edderes locales, entre ellos la alcaldesa Carmen Lilia Canturosas,","inLanguage":"es-MX","isPartOf":{"@id":"https:\/\/desarrollosiglo21.com\/#website"},"breadcrumb":{"@id":"https:\/\/desarrollosiglo21.com\/index.php\/2026\/03\/27\/la-asociacion-de-transportistas-de-carga-nld-presente-en-el-4to-informe-de-gobierno-del-gobernador-americo-villarreal\/#breadcrumblist"},"author":{"@id":"https:\/\/desarrollosiglo21.com\/index.php\/author\/minerva-oseguera\/#author"},"creator":{"@id":"https:\/\/desarrollosiglo21.com\/index.php\/author\/minerva-oseguera\/#author"},"image":{"@type":"ImageObject","url":"https:\/\/desarrollosiglo21.com\/wp-content\/uploads\/2026\/03\/IMG_6731.jpeg","@id":"https:\/\/desarrollosiglo21.com\/index.php\/2026\/03\/27\/la-asociacion-de-transportistas-de-carga-nld-presente-en-el-4to-informe-de-gobierno-del-gobernador-americo-villarreal\/#mainImage","width":960,"height":960},"primaryImageOfPage":{"@id":"https:\/\/desarrollosiglo21.com\/index.php\/2026\/03\/27\/la-asociacion-de-transportistas-de-carga-nld-presente-en-el-4to-informe-de-gobierno-del-gobernador-americo-villarreal\/#mainImage"},"datePublished":"2026-03-27T14:10:29-06:00","dateModified":"2026-03-27T14:10:29-06:00"},{"@type":"WebSite","@id":"https:\/\/desarrollosiglo21.com\/#website","url":"https:\/\/desarrollosiglo21.com\/","name":"Desarrollo Siglo XXI","description":"Revista Digital de Informaci\u00f3n y Negocios en Comercio Exterior","inLanguage":"es-MX","publisher":{"@id":"https:\/\/desarrollosiglo21.com\/#organization"}}]},"og:locale":"es_MX","og:site_name":"Desarrollo Siglo XXI - Revista Digital de Informaci\u00f3n y Negocios en Comercio Exterior","og:type":"article","og:title":"La Asociaci\u00f3n de Transportistas de Carga NLD presente en el 4to Informe de gobierno del Gobernador Am\u00e9rico Villarreal - Desarrollo Siglo XXI","og:description":"Representantes de la Asociaci\u00f3n de Transportistas de Carga (ATC) de Nuevo Laredo asistieron al 4to Informe de Gobierno del gobernador de Tamaulipas, Am\u00e9rico Villarreal Anaya, reafirmando la presencia del gremio transportista en los espacios de relevancia pol\u00edtica y social. Durante el evento, coincidieron con autoridades y l\u00edderes locales, entre ellos la alcaldesa Carmen Lilia Canturosas,","og:url":"https:\/\/desarrollosiglo21.com\/index.php\/2026\/03\/27\/la-asociacion-de-transportistas-de-carga-nld-presente-en-el-4to-informe-de-gobierno-del-gobernador-americo-villarreal\/","og:image":"https:\/\/desarrollosiglo21.com\/wp-content\/uploads\/2026\/06\/cropped-logo-4.png","og:image:secure_url":"https:\/\/desarrollosiglo21.com\/wp-content\/uploads\/2026\/06\/cropped-logo-4.png","article:published_time":"2026-03-27T20:10:29+00:00","article:modified_time":"2026-03-27T20:10:29+00:00","article:publisher":"https:\/\/facebook.com\/dsiglo21","twitter:card":"summary_large_image","twitter:title":"La Asociaci\u00f3n de Transportistas de Carga NLD presente en el 4to Informe de gobierno del Gobernador Am\u00e9rico Villarreal - Desarrollo Siglo XXI","twitter:description":"Representantes de la Asociaci\u00f3n de Transportistas de Carga (ATC) de Nuevo Laredo asistieron al 4to Informe de Gobierno del gobernador de Tamaulipas, Am\u00e9rico Villarreal Anaya, reafirmando la presencia del gremio transportista en los espacios de relevancia pol\u00edtica y social. Durante el evento, coincidieron con autoridades y l\u00edderes locales, entre ellos la alcaldesa Carmen Lilia Canturosas,","twitter:image":"https:\/\/desarrollosiglo21.com\/wp-content\/uploads\/2026\/06\/cropped-logo-4.png"},"aioseo_meta_data":{"post_id":"5860","title":null,"description":null,"keywords":null,"keyphrases":{"focus":{"keyphrase":"","score":0,"analysis":{"keyphraseInTitle":{"score":0,"maxScore":9,"error":1}}},"additional":[]},"primary_term":null,"canonical_url":null,"og_title":null,"og_description":null,"og_object_type":"default","og_image_type":"default","og_image_url":null,"og_image_width":null,"og_image_height":null,"og_image_custom_url":null,"og_image_custom_fields":null,"og_video":"","og_custom_url":null,"og_article_section":null,"og_article_tags":null,"twitter_use_og":false,"twitter_card":"default","twitter_image_type":"default","twitter_image_url":null,"twitter_image_custom_url":null,"twitter_image_custom_fields":null,"twitter_title":null,"twitter_description":null,"schema":{"blockGraphs":[],"customGraphs":[],"default":{"data":{"Article":[],"Course":[],"Dataset":[],"FAQPage":[],"Movie":[],"Person":[],"Product":[],"ProductReview":[],"Car":[],"Recipe":[],"Service":[],"SoftwareApplication":[],"WebPage":[]},"graphName":"BlogPosting","isEnabled":true},"graphs":[]},"schema_type":"default","schema_type_options":null,"pillar_content":false,"robots_default":true,"robots_noindex":false,"robots_noarchive":false,"robots_nosnippet":false,"robots_nofollow":false,"robots_noimageindex":false,"robots_noodp":false,"robots_notranslate":false,"robots_max_snippet":"-1","robots_max_videopreview":"-1","robots_max_imagepreview":"large","priority":null,"frequency":"default","local_seo":null,"breadcrumb_settings":null,"limit_modified_date":false,"ai":{"faqs":[],"keyPoints":[],"titles":[],"descriptions":[],"socialPosts":{"email":[],"linkedin":[],"twitter":[],"facebook":[],"instagram":[]}},"created":"2026-03-27 20:10:29","updated":"2026-03-27 20:11:09","seo_analyzer_scan_date":null},"aioseo_breadcrumb":"<div class=\"aioseo-breadcrumbs\"><span class=\"aioseo-breadcrumb\">\n\t\t\t<a href=\"https:\/\/desarrollosiglo21.com\" title=\"Inicio\">Inicio<\/a>\n\t\t<\/span><span class=\"aioseo-breadcrumb-separator\">&raquo;<\/span><span class=\"aioseo-breadcrumb\">\n\t\t\t<a href=\"https:\/\/desarrollosiglo21.com\/index.php\/category\/locales\/\" title=\"Locales\">Locales<\/a>\n\t\t<\/span><span class=\"aioseo-breadcrumb-separator\">&raquo;<\/span><span class=\"aioseo-breadcrumb\">\n\t\t\tLa Asociaci\u00f3n de Transportistas de Carga NLD  presente en el 4to Informe de gobierno del Gobernador Am\u00e9rico Villarreal\n\t\t<\/span><\/div>","aioseo_breadcrumb_json":[{"label":"Inicio","link":"https:\/\/desarrollosiglo21.com"},{"label":"Locales","link":"https:\/\/desarrollosiglo21.com\/index.php\/category\/locales\/"},{"label":"La Asociaci\u00f3n de Transportistas de Carga NLD  presente en el 4to Informe de gobierno del Gobernador Am\u00e9rico Villarreal","link":"https:\/\/desarrollosiglo21.com\/index.php\/2026\/03\/27\/la-asociacion-de-transportistas-de-carga-nld-presente-en-el-4to-informe-de-gobierno-del-gobernador-americo-villarreal\/"}],"featured_image_urls":{"full":["https:\/\/desarrollosiglo21.com\/wp-content\/uploads\/2026\/03\/IMG_6731.jpeg",960,960,false],"thumbnail":["https:\/\/desarrollosiglo21.com\/wp-content\/uploads\/2026\/03\/IMG_6731-150x150.jpeg",150,150,true],"medium":["https:\/\/desarrollosiglo21.com\/wp-content\/uploads\/2026\/03\/IMG_6731-300x300.jpeg",300,300,true],"medium_large":["https:\/\/desarrollosiglo21.com\/wp-content\/uploads\/2026\/03\/IMG_6731-768x768.jpeg",640,640,true],"large":["https:\/\/desarrollosiglo21.com\/wp-content\/uploads\/2026\/03\/IMG_6731.jpeg",640,640,false],"1536x1536":["https:\/\/desarrollosiglo21.com\/wp-content\/uploads\/2026\/03\/IMG_6731.jpeg",960,960,false],"2048x2048":["https:\/\/desarrollosiglo21.com\/wp-content\/uploads\/2026\/03\/IMG_6731.jpeg",960,960,false],"darknews-slider-full":["https:\/\/desarrollosiglo21.com\/wp-content\/uploads\/2026\/03\/IMG_6731-960x720.jpeg",960,720,true],"darknews-featured":["https:\/\/desarrollosiglo21.com\/wp-content\/uploads\/2026\/03\/IMG_6731.jpeg",960,960,false],"darknews-medium":["https:\/\/desarrollosiglo21.com\/wp-content\/uploads\/2026\/03\/IMG_6731-720x530.jpeg",720,530,true],"darknews-medium-square":["https:\/\/desarrollosiglo21.com\/wp-content\/uploads\/2026\/03\/IMG_6731-350x350.jpeg",350,350,true]},"author_info":{"info":["Minerva Oseguera"]},"category_info":"<a href=\"https:\/\/desarrollosiglo21.com\/index.php\/category\/locales\/\" rel=\"category tag\">Locales<\/a>","tag_info":"Locales","comment_count":0,"_links":{"self":[{"href":"https:\/\/desarrollosiglo21.com\/index.php\/wp-json\/wp\/v2\/posts\/5860","targetHints":{"allow":["GET"]}}],"collection":[{"href":"https:\/\/desarrollosiglo21.com\/index.php\/wp-json\/wp\/v2\/posts"}],"about":[{"href":"https:\/\/desarrollosiglo21.com\/index.php\/wp-json\/wp\/v2\/types\/post"}],"author":[{"embeddable":true,"href":"https:\/\/desarrollosiglo21.com\/index.php\/wp-json\/wp\/v2\/users\/2"}],"replies":[{"embeddable":true,"href":"https:\/\/desarrollosiglo21.com\/index.php\/wp-json\/wp\/v2\/comments?post=5860"}],"version-history":[{"count":1,"href":"https:\/\/desarrollosiglo21.com\/index.php\/wp-json\/wp\/v2\/posts\/5860\/revisions"}],"predecessor-version":[{"id":5862,"href":"https:\/\/desarrollosiglo21.com\/index.php\/wp-json\/wp\/v2\/posts\/5860\/revisions\/5862"}],"wp:featuredmedia":[{"embeddable":true,"href":"https:\/\/desarrollosiglo21.com\/index.php\/wp-json\/wp\/v2\/media\/5861"}],"wp:attachment":[{"href":"https:\/\/desarrollosiglo21.com\/index.php\/wp-json\/wp\/v2\/media?parent=5860"}],"wp:term":[{"taxonomy":"category","embeddable":true,"href":"https:\/\/desarrollosiglo21.com\/index.php\/wp-json\/wp\/v2\/categories?post=5860"},{"taxonomy":"post_tag","embeddable":true,"href":"https:\/\/desarrollosiglo21.com\/index.php\/wp-json\/wp\/v2\/tags?post=5860"}],"curies":[{"name":"wp","href":"https:\/\/api.w.org\/{rel}","templated":true}]}}