{"id":5610,"date":"2026-01-20T09:52:45","date_gmt":"2026-01-20T15:52:45","guid":{"rendered":"https:\/\/desarrollosiglo21.com\/?p=5610"},"modified":"2026-01-20T09:52:45","modified_gmt":"2026-01-20T15:52:45","slug":"encuentro-de-lideres-empresariales-en-la-aduana-de-nuevo-laredo","status":"publish","type":"post","link":"https:\/\/desarrollosiglo21.com\/index.php\/2026\/01\/20\/encuentro-de-lideres-empresariales-en-la-aduana-de-nuevo-laredo\/","title":{"rendered":"Encuentro de l\u00edderes empresariales en la aduana de Nuevo Laredo"},"content":{"rendered":"<p>En un encuentro de di\u00e1logo y coordinaci\u00f3n, el presidente nacional de COPARMEX, Juan Jos\u00e9 Sierra \u00c1lvarez, y la presidenta de COPARMEX Nuevo Laredo, Dra. M\u00f3nica Lamar Gonz\u00e1lez, realizaron una visita a las instalaciones de la Aduana de Nuevo Laredo, acompa\u00f1ados por el Ing. Pedro Lozano, presidente de ATC. Durante la jornada, sostuvieron una reuni\u00f3n de trabajo con el titular de la aduana, Tte. Coronel Eric Omar Salinas Flores, en la que se abordaron temas estrat\u00e9gicos relacionados con la operaci\u00f3n aduanera y el fortalecimiento de la colaboraci\u00f3n entre los sectores p\u00fablico y empresarial.<\/p>\n","protected":false},"excerpt":{"rendered":"<p>En un encuentro de di\u00e1logo y coordinaci\u00f3n, el presidente nacional<\/p>\n","protected":false},"author":2,"featured_media":5611,"comment_status":"open","ping_status":"open","sticky":false,"template":"","format":"standard","meta":{"footnotes":""},"categories":[4],"tags":[],"class_list":["post-5610","post","type-post","status-publish","format-standard","has-post-thumbnail","hentry","category-locales"],"aioseo_notices":[],"aioseo_head":"\n\t\t<!-- All in One SEO 4.9.10 - aioseo.com -->\n\t<meta name=\"description\" content=\"En un encuentro de di\u00e1logo y coordinaci\u00f3n, el presidente nacional de COPARMEX, Juan Jos\u00e9 Sierra \u00c1lvarez, y la presidenta de COPARMEX Nuevo Laredo, Dra. M\u00f3nica Lamar Gonz\u00e1lez, realizaron una visita a las instalaciones de la Aduana de Nuevo Laredo, acompa\u00f1ados por el Ing. Pedro Lozano, presidente de ATC. Durante la jornada, sostuvieron una reuni\u00f3n de\" \/>\n\t<meta name=\"robots\" content=\"max-image-preview:large\" \/>\n\t<meta name=\"author\" content=\"Minerva Oseguera\"\/>\n\t<link rel=\"canonical\" href=\"https:\/\/desarrollosiglo21.com\/index.php\/2026\/01\/20\/encuentro-de-lideres-empresariales-en-la-aduana-de-nuevo-laredo\/\" \/>\n\t<meta name=\"generator\" content=\"All in One SEO (AIOSEO) 4.9.10\" \/>\n\t\t<meta property=\"og:locale\" content=\"es_MX\" \/>\n\t\t<meta property=\"og:site_name\" content=\"Desarrollo Siglo XXI - Revista Digital de Informaci\u00f3n y Negocios en Comercio Exterior\" \/>\n\t\t<meta property=\"og:type\" content=\"article\" \/>\n\t\t<meta property=\"og:title\" content=\"Encuentro de l\u00edderes empresariales en la aduana de Nuevo Laredo - Desarrollo Siglo XXI\" \/>\n\t\t<meta property=\"og:description\" content=\"En un encuentro de di\u00e1logo y coordinaci\u00f3n, el presidente nacional de COPARMEX, Juan Jos\u00e9 Sierra \u00c1lvarez, y la presidenta de COPARMEX Nuevo Laredo, Dra. M\u00f3nica Lamar Gonz\u00e1lez, realizaron una visita a las instalaciones de la Aduana de Nuevo Laredo, acompa\u00f1ados por el Ing. Pedro Lozano, presidente de ATC. Durante la jornada, sostuvieron una reuni\u00f3n de\" \/>\n\t\t<meta property=\"og:url\" content=\"https:\/\/desarrollosiglo21.com\/index.php\/2026\/01\/20\/encuentro-de-lideres-empresariales-en-la-aduana-de-nuevo-laredo\/\" \/>\n\t\t<meta property=\"og:image\" content=\"https:\/\/desarrollosiglo21.com\/wp-content\/uploads\/2026\/06\/cropped-logo-4.png\" \/>\n\t\t<meta property=\"og:image:secure_url\" content=\"https:\/\/desarrollosiglo21.com\/wp-content\/uploads\/2026\/06\/cropped-logo-4.png\" \/>\n\t\t<meta property=\"article:published_time\" content=\"2026-01-20T15:52:45+00:00\" \/>\n\t\t<meta property=\"article:modified_time\" content=\"2026-01-20T15:52:45+00:00\" \/>\n\t\t<meta property=\"article:publisher\" content=\"https:\/\/facebook.com\/dsiglo21\" \/>\n\t\t<meta name=\"twitter:card\" content=\"summary_large_image\" \/>\n\t\t<meta name=\"twitter:title\" content=\"Encuentro de l\u00edderes empresariales en la aduana de Nuevo Laredo - Desarrollo Siglo XXI\" \/>\n\t\t<meta name=\"twitter:description\" content=\"En un encuentro de di\u00e1logo y coordinaci\u00f3n, el presidente nacional de COPARMEX, Juan Jos\u00e9 Sierra \u00c1lvarez, y la presidenta de COPARMEX Nuevo Laredo, Dra. M\u00f3nica Lamar Gonz\u00e1lez, realizaron una visita a las instalaciones de la Aduana de Nuevo Laredo, acompa\u00f1ados por el Ing. Pedro Lozano, presidente de ATC. Durante la jornada, sostuvieron una reuni\u00f3n de\" \/>\n\t\t<meta name=\"twitter:image\" content=\"https:\/\/desarrollosiglo21.com\/wp-content\/uploads\/2026\/06\/cropped-logo-4.png\" \/>\n\t\t<script type=\"application\/ld+json\" class=\"aioseo-schema\">\n\t\t\t{\"@context\":\"https:\\\/\\\/schema.org\",\"@graph\":[{\"@type\":\"BlogPosting\",\"@id\":\"https:\\\/\\\/desarrollosiglo21.com\\\/index.php\\\/2026\\\/01\\\/20\\\/encuentro-de-lideres-empresariales-en-la-aduana-de-nuevo-laredo\\\/#blogposting\",\"name\":\"Encuentro de l\\u00edderes empresariales en la aduana de Nuevo Laredo - Desarrollo Siglo XXI\",\"headline\":\"Encuentro de l\\u00edderes empresariales en la aduana de Nuevo Laredo\",\"author\":{\"@id\":\"https:\\\/\\\/desarrollosiglo21.com\\\/index.php\\\/author\\\/minerva-oseguera\\\/#author\"},\"publisher\":{\"@id\":\"https:\\\/\\\/desarrollosiglo21.com\\\/#organization\"},\"image\":{\"@type\":\"ImageObject\",\"url\":\"https:\\\/\\\/desarrollosiglo21.com\\\/wp-content\\\/uploads\\\/2026\\\/01\\\/IMG_6050.jpeg\",\"width\":1638,\"height\":2048},\"datePublished\":\"2026-01-20T09:52:45-06:00\",\"dateModified\":\"2026-01-20T09:52:45-06:00\",\"inLanguage\":\"es-MX\",\"mainEntityOfPage\":{\"@id\":\"https:\\\/\\\/desarrollosiglo21.com\\\/index.php\\\/2026\\\/01\\\/20\\\/encuentro-de-lideres-empresariales-en-la-aduana-de-nuevo-laredo\\\/#webpage\"},\"isPartOf\":{\"@id\":\"https:\\\/\\\/desarrollosiglo21.com\\\/index.php\\\/2026\\\/01\\\/20\\\/encuentro-de-lideres-empresariales-en-la-aduana-de-nuevo-laredo\\\/#webpage\"},\"articleSection\":\"Locales\"},{\"@type\":\"BreadcrumbList\",\"@id\":\"https:\\\/\\\/desarrollosiglo21.com\\\/index.php\\\/2026\\\/01\\\/20\\\/encuentro-de-lideres-empresariales-en-la-aduana-de-nuevo-laredo\\\/#breadcrumblist\",\"itemListElement\":[{\"@type\":\"ListItem\",\"@id\":\"https:\\\/\\\/desarrollosiglo21.com#listItem\",\"position\":1,\"name\":\"Inicio\",\"item\":\"https:\\\/\\\/desarrollosiglo21.com\",\"nextItem\":{\"@type\":\"ListItem\",\"@id\":\"https:\\\/\\\/desarrollosiglo21.com\\\/index.php\\\/category\\\/locales\\\/#listItem\",\"name\":\"Locales\"}},{\"@type\":\"ListItem\",\"@id\":\"https:\\\/\\\/desarrollosiglo21.com\\\/index.php\\\/category\\\/locales\\\/#listItem\",\"position\":2,\"name\":\"Locales\",\"item\":\"https:\\\/\\\/desarrollosiglo21.com\\\/index.php\\\/category\\\/locales\\\/\",\"nextItem\":{\"@type\":\"ListItem\",\"@id\":\"https:\\\/\\\/desarrollosiglo21.com\\\/index.php\\\/2026\\\/01\\\/20\\\/encuentro-de-lideres-empresariales-en-la-aduana-de-nuevo-laredo\\\/#listItem\",\"name\":\"Encuentro de l\\u00edderes empresariales en la aduana de Nuevo Laredo\"},\"previousItem\":{\"@type\":\"ListItem\",\"@id\":\"https:\\\/\\\/desarrollosiglo21.com#listItem\",\"name\":\"Inicio\"}},{\"@type\":\"ListItem\",\"@id\":\"https:\\\/\\\/desarrollosiglo21.com\\\/index.php\\\/2026\\\/01\\\/20\\\/encuentro-de-lideres-empresariales-en-la-aduana-de-nuevo-laredo\\\/#listItem\",\"position\":3,\"name\":\"Encuentro de l\\u00edderes empresariales en la aduana de Nuevo Laredo\",\"previousItem\":{\"@type\":\"ListItem\",\"@id\":\"https:\\\/\\\/desarrollosiglo21.com\\\/index.php\\\/category\\\/locales\\\/#listItem\",\"name\":\"Locales\"}}]},{\"@type\":\"Organization\",\"@id\":\"https:\\\/\\\/desarrollosiglo21.com\\\/#organization\",\"name\":\"Desarrollo Siglo XXI\",\"description\":\"Revista Digital de Informaci\\u00f3n y Negocios en Comercio Exterior\",\"url\":\"https:\\\/\\\/desarrollosiglo21.com\\\/\",\"logo\":{\"@type\":\"ImageObject\",\"url\":\"https:\\\/\\\/desarrollosiglo21.com\\\/wp-content\\\/uploads\\\/2026\\\/06\\\/cropped-logo-4.png\",\"@id\":\"https:\\\/\\\/desarrollosiglo21.com\\\/index.php\\\/2026\\\/01\\\/20\\\/encuentro-de-lideres-empresariales-en-la-aduana-de-nuevo-laredo\\\/#organizationLogo\",\"width\":750,\"height\":287},\"image\":{\"@id\":\"https:\\\/\\\/desarrollosiglo21.com\\\/index.php\\\/2026\\\/01\\\/20\\\/encuentro-de-lideres-empresariales-en-la-aduana-de-nuevo-laredo\\\/#organizationLogo\"},\"sameAs\":[\"https:\\\/\\\/facebook.com\\\/dsiglo21\",\"https:\\\/\\\/instagram.com\\\/dsigloxxi\",\"https:\\\/\\\/www.youtube.com\\\/@minervaoseguera8503\"]},{\"@type\":\"Person\",\"@id\":\"https:\\\/\\\/desarrollosiglo21.com\\\/index.php\\\/author\\\/minerva-oseguera\\\/#author\",\"url\":\"https:\\\/\\\/desarrollosiglo21.com\\\/index.php\\\/author\\\/minerva-oseguera\\\/\",\"name\":\"Minerva Oseguera\",\"image\":{\"@type\":\"ImageObject\",\"@id\":\"https:\\\/\\\/desarrollosiglo21.com\\\/index.php\\\/2026\\\/01\\\/20\\\/encuentro-de-lideres-empresariales-en-la-aduana-de-nuevo-laredo\\\/#authorImage\",\"url\":\"https:\\\/\\\/desarrollosiglo21.com\\\/wp-content\\\/litespeed\\\/avatar\\\/5de497389262628152d49908301e9dd4.jpg?ver=1788128803\",\"width\":96,\"height\":96,\"caption\":\"Minerva Oseguera\"}},{\"@type\":\"WebPage\",\"@id\":\"https:\\\/\\\/desarrollosiglo21.com\\\/index.php\\\/2026\\\/01\\\/20\\\/encuentro-de-lideres-empresariales-en-la-aduana-de-nuevo-laredo\\\/#webpage\",\"url\":\"https:\\\/\\\/desarrollosiglo21.com\\\/index.php\\\/2026\\\/01\\\/20\\\/encuentro-de-lideres-empresariales-en-la-aduana-de-nuevo-laredo\\\/\",\"name\":\"Encuentro de l\\u00edderes empresariales en la aduana de Nuevo Laredo - Desarrollo Siglo XXI\",\"description\":\"En un encuentro de di\\u00e1logo y coordinaci\\u00f3n, el presidente nacional de COPARMEX, Juan Jos\\u00e9 Sierra \\u00c1lvarez, y la presidenta de COPARMEX Nuevo Laredo, Dra. M\\u00f3nica Lamar Gonz\\u00e1lez, realizaron una visita a las instalaciones de la Aduana de Nuevo Laredo, acompa\\u00f1ados por el Ing. Pedro Lozano, presidente de ATC. Durante la jornada, sostuvieron una reuni\\u00f3n de\",\"inLanguage\":\"es-MX\",\"isPartOf\":{\"@id\":\"https:\\\/\\\/desarrollosiglo21.com\\\/#website\"},\"breadcrumb\":{\"@id\":\"https:\\\/\\\/desarrollosiglo21.com\\\/index.php\\\/2026\\\/01\\\/20\\\/encuentro-de-lideres-empresariales-en-la-aduana-de-nuevo-laredo\\\/#breadcrumblist\"},\"author\":{\"@id\":\"https:\\\/\\\/desarrollosiglo21.com\\\/index.php\\\/author\\\/minerva-oseguera\\\/#author\"},\"creator\":{\"@id\":\"https:\\\/\\\/desarrollosiglo21.com\\\/index.php\\\/author\\\/minerva-oseguera\\\/#author\"},\"image\":{\"@type\":\"ImageObject\",\"url\":\"https:\\\/\\\/desarrollosiglo21.com\\\/wp-content\\\/uploads\\\/2026\\\/01\\\/IMG_6050.jpeg\",\"@id\":\"https:\\\/\\\/desarrollosiglo21.com\\\/index.php\\\/2026\\\/01\\\/20\\\/encuentro-de-lideres-empresariales-en-la-aduana-de-nuevo-laredo\\\/#mainImage\",\"width\":1638,\"height\":2048},\"primaryImageOfPage\":{\"@id\":\"https:\\\/\\\/desarrollosiglo21.com\\\/index.php\\\/2026\\\/01\\\/20\\\/encuentro-de-lideres-empresariales-en-la-aduana-de-nuevo-laredo\\\/#mainImage\"},\"datePublished\":\"2026-01-20T09:52:45-06:00\",\"dateModified\":\"2026-01-20T09:52:45-06:00\"},{\"@type\":\"WebSite\",\"@id\":\"https:\\\/\\\/desarrollosiglo21.com\\\/#website\",\"url\":\"https:\\\/\\\/desarrollosiglo21.com\\\/\",\"name\":\"Desarrollo Siglo XXI\",\"description\":\"Revista Digital de Informaci\\u00f3n y Negocios en Comercio Exterior\",\"inLanguage\":\"es-MX\",\"publisher\":{\"@id\":\"https:\\\/\\\/desarrollosiglo21.com\\\/#organization\"}}]}\n\t\t<\/script>\n\t\t<!-- All in One SEO -->\n\n","aioseo_head_json":{"title":"Encuentro de l\u00edderes empresariales en la aduana de Nuevo Laredo - Desarrollo Siglo XXI","description":"En un encuentro de di\u00e1logo y coordinaci\u00f3n, el presidente nacional de COPARMEX, Juan Jos\u00e9 Sierra \u00c1lvarez, y la presidenta de COPARMEX Nuevo Laredo, Dra. M\u00f3nica Lamar Gonz\u00e1lez, realizaron una visita a las instalaciones de la Aduana de Nuevo Laredo, acompa\u00f1ados por el Ing. Pedro Lozano, presidente de ATC. Durante la jornada, sostuvieron una reuni\u00f3n de","canonical_url":"https:\/\/desarrollosiglo21.com\/index.php\/2026\/01\/20\/encuentro-de-lideres-empresariales-en-la-aduana-de-nuevo-laredo\/","robots":"max-image-preview:large","keywords":"","webmasterTools":{"miscellaneous":""},"schema":{"@context":"https:\/\/schema.org","@graph":[{"@type":"BlogPosting","@id":"https:\/\/desarrollosiglo21.com\/index.php\/2026\/01\/20\/encuentro-de-lideres-empresariales-en-la-aduana-de-nuevo-laredo\/#blogposting","name":"Encuentro de l\u00edderes empresariales en la aduana de Nuevo Laredo - Desarrollo Siglo XXI","headline":"Encuentro de l\u00edderes empresariales en la aduana de Nuevo Laredo","author":{"@id":"https:\/\/desarrollosiglo21.com\/index.php\/author\/minerva-oseguera\/#author"},"publisher":{"@id":"https:\/\/desarrollosiglo21.com\/#organization"},"image":{"@type":"ImageObject","url":"https:\/\/desarrollosiglo21.com\/wp-content\/uploads\/2026\/01\/IMG_6050.jpeg","width":1638,"height":2048},"datePublished":"2026-01-20T09:52:45-06:00","dateModified":"2026-01-20T09:52:45-06:00","inLanguage":"es-MX","mainEntityOfPage":{"@id":"https:\/\/desarrollosiglo21.com\/index.php\/2026\/01\/20\/encuentro-de-lideres-empresariales-en-la-aduana-de-nuevo-laredo\/#webpage"},"isPartOf":{"@id":"https:\/\/desarrollosiglo21.com\/index.php\/2026\/01\/20\/encuentro-de-lideres-empresariales-en-la-aduana-de-nuevo-laredo\/#webpage"},"articleSection":"Locales"},{"@type":"BreadcrumbList","@id":"https:\/\/desarrollosiglo21.com\/index.php\/2026\/01\/20\/encuentro-de-lideres-empresariales-en-la-aduana-de-nuevo-laredo\/#breadcrumblist","itemListElement":[{"@type":"ListItem","@id":"https:\/\/desarrollosiglo21.com#listItem","position":1,"name":"Inicio","item":"https:\/\/desarrollosiglo21.com","nextItem":{"@type":"ListItem","@id":"https:\/\/desarrollosiglo21.com\/index.php\/category\/locales\/#listItem","name":"Locales"}},{"@type":"ListItem","@id":"https:\/\/desarrollosiglo21.com\/index.php\/category\/locales\/#listItem","position":2,"name":"Locales","item":"https:\/\/desarrollosiglo21.com\/index.php\/category\/locales\/","nextItem":{"@type":"ListItem","@id":"https:\/\/desarrollosiglo21.com\/index.php\/2026\/01\/20\/encuentro-de-lideres-empresariales-en-la-aduana-de-nuevo-laredo\/#listItem","name":"Encuentro de l\u00edderes empresariales en la aduana de Nuevo Laredo"},"previousItem":{"@type":"ListItem","@id":"https:\/\/desarrollosiglo21.com#listItem","name":"Inicio"}},{"@type":"ListItem","@id":"https:\/\/desarrollosiglo21.com\/index.php\/2026\/01\/20\/encuentro-de-lideres-empresariales-en-la-aduana-de-nuevo-laredo\/#listItem","position":3,"name":"Encuentro de l\u00edderes empresariales en la aduana de Nuevo Laredo","previousItem":{"@type":"ListItem","@id":"https:\/\/desarrollosiglo21.com\/index.php\/category\/locales\/#listItem","name":"Locales"}}]},{"@type":"Organization","@id":"https:\/\/desarrollosiglo21.com\/#organization","name":"Desarrollo Siglo XXI","description":"Revista Digital de Informaci\u00f3n y Negocios en Comercio Exterior","url":"https:\/\/desarrollosiglo21.com\/","logo":{"@type":"ImageObject","url":"https:\/\/desarrollosiglo21.com\/wp-content\/uploads\/2026\/06\/cropped-logo-4.png","@id":"https:\/\/desarrollosiglo21.com\/index.php\/2026\/01\/20\/encuentro-de-lideres-empresariales-en-la-aduana-de-nuevo-laredo\/#organizationLogo","width":750,"height":287},"image":{"@id":"https:\/\/desarrollosiglo21.com\/index.php\/2026\/01\/20\/encuentro-de-lideres-empresariales-en-la-aduana-de-nuevo-laredo\/#organizationLogo"},"sameAs":["https:\/\/facebook.com\/dsiglo21","https:\/\/instagram.com\/dsigloxxi","https:\/\/www.youtube.com\/@minervaoseguera8503"]},{"@type":"Person","@id":"https:\/\/desarrollosiglo21.com\/index.php\/author\/minerva-oseguera\/#author","url":"https:\/\/desarrollosiglo21.com\/index.php\/author\/minerva-oseguera\/","name":"Minerva Oseguera","image":{"@type":"ImageObject","@id":"https:\/\/desarrollosiglo21.com\/index.php\/2026\/01\/20\/encuentro-de-lideres-empresariales-en-la-aduana-de-nuevo-laredo\/#authorImage","url":"https:\/\/desarrollosiglo21.com\/wp-content\/litespeed\/avatar\/5de497389262628152d49908301e9dd4.jpg?ver=1788128803","width":96,"height":96,"caption":"Minerva Oseguera"}},{"@type":"WebPage","@id":"https:\/\/desarrollosiglo21.com\/index.php\/2026\/01\/20\/encuentro-de-lideres-empresariales-en-la-aduana-de-nuevo-laredo\/#webpage","url":"https:\/\/desarrollosiglo21.com\/index.php\/2026\/01\/20\/encuentro-de-lideres-empresariales-en-la-aduana-de-nuevo-laredo\/","name":"Encuentro de l\u00edderes empresariales en la aduana de Nuevo Laredo - Desarrollo Siglo XXI","description":"En un encuentro de di\u00e1logo y coordinaci\u00f3n, el presidente nacional de COPARMEX, Juan Jos\u00e9 Sierra \u00c1lvarez, y la presidenta de COPARMEX Nuevo Laredo, Dra. M\u00f3nica Lamar Gonz\u00e1lez, realizaron una visita a las instalaciones de la Aduana de Nuevo Laredo, acompa\u00f1ados por el Ing. Pedro Lozano, presidente de ATC. Durante la jornada, sostuvieron una reuni\u00f3n de","inLanguage":"es-MX","isPartOf":{"@id":"https:\/\/desarrollosiglo21.com\/#website"},"breadcrumb":{"@id":"https:\/\/desarrollosiglo21.com\/index.php\/2026\/01\/20\/encuentro-de-lideres-empresariales-en-la-aduana-de-nuevo-laredo\/#breadcrumblist"},"author":{"@id":"https:\/\/desarrollosiglo21.com\/index.php\/author\/minerva-oseguera\/#author"},"creator":{"@id":"https:\/\/desarrollosiglo21.com\/index.php\/author\/minerva-oseguera\/#author"},"image":{"@type":"ImageObject","url":"https:\/\/desarrollosiglo21.com\/wp-content\/uploads\/2026\/01\/IMG_6050.jpeg","@id":"https:\/\/desarrollosiglo21.com\/index.php\/2026\/01\/20\/encuentro-de-lideres-empresariales-en-la-aduana-de-nuevo-laredo\/#mainImage","width":1638,"height":2048},"primaryImageOfPage":{"@id":"https:\/\/desarrollosiglo21.com\/index.php\/2026\/01\/20\/encuentro-de-lideres-empresariales-en-la-aduana-de-nuevo-laredo\/#mainImage"},"datePublished":"2026-01-20T09:52:45-06:00","dateModified":"2026-01-20T09:52:45-06:00"},{"@type":"WebSite","@id":"https:\/\/desarrollosiglo21.com\/#website","url":"https:\/\/desarrollosiglo21.com\/","name":"Desarrollo Siglo XXI","description":"Revista Digital de Informaci\u00f3n y Negocios en Comercio Exterior","inLanguage":"es-MX","publisher":{"@id":"https:\/\/desarrollosiglo21.com\/#organization"}}]},"og:locale":"es_MX","og:site_name":"Desarrollo Siglo XXI - Revista Digital de Informaci\u00f3n y Negocios en Comercio Exterior","og:type":"article","og:title":"Encuentro de l\u00edderes empresariales en la aduana de Nuevo Laredo - Desarrollo Siglo XXI","og:description":"En un encuentro de di\u00e1logo y coordinaci\u00f3n, el presidente nacional de COPARMEX, Juan Jos\u00e9 Sierra \u00c1lvarez, y la presidenta de COPARMEX Nuevo Laredo, Dra. M\u00f3nica Lamar Gonz\u00e1lez, realizaron una visita a las instalaciones de la Aduana de Nuevo Laredo, acompa\u00f1ados por el Ing. Pedro Lozano, presidente de ATC. Durante la jornada, sostuvieron una reuni\u00f3n de","og:url":"https:\/\/desarrollosiglo21.com\/index.php\/2026\/01\/20\/encuentro-de-lideres-empresariales-en-la-aduana-de-nuevo-laredo\/","og:image":"https:\/\/desarrollosiglo21.com\/wp-content\/uploads\/2026\/06\/cropped-logo-4.png","og:image:secure_url":"https:\/\/desarrollosiglo21.com\/wp-content\/uploads\/2026\/06\/cropped-logo-4.png","article:published_time":"2026-01-20T15:52:45+00:00","article:modified_time":"2026-01-20T15:52:45+00:00","article:publisher":"https:\/\/facebook.com\/dsiglo21","twitter:card":"summary_large_image","twitter:title":"Encuentro de l\u00edderes empresariales en la aduana de Nuevo Laredo - Desarrollo Siglo XXI","twitter:description":"En un encuentro de di\u00e1logo y coordinaci\u00f3n, el presidente nacional de COPARMEX, Juan Jos\u00e9 Sierra \u00c1lvarez, y la presidenta de COPARMEX Nuevo Laredo, Dra. M\u00f3nica Lamar Gonz\u00e1lez, realizaron una visita a las instalaciones de la Aduana de Nuevo Laredo, acompa\u00f1ados por el Ing. Pedro Lozano, presidente de ATC. Durante la jornada, sostuvieron una reuni\u00f3n de","twitter:image":"https:\/\/desarrollosiglo21.com\/wp-content\/uploads\/2026\/06\/cropped-logo-4.png"},"aioseo_meta_data":{"post_id":"5610","title":null,"description":null,"keywords":null,"keyphrases":{"focus":{"keyphrase":"","score":0,"analysis":{"keyphraseInTitle":{"score":0,"maxScore":9,"error":1}}},"additional":[]},"primary_term":null,"canonical_url":null,"og_title":null,"og_description":null,"og_object_type":"default","og_image_type":"default","og_image_url":null,"og_image_width":null,"og_image_height":null,"og_image_custom_url":null,"og_image_custom_fields":null,"og_video":"","og_custom_url":null,"og_article_section":null,"og_article_tags":null,"twitter_use_og":false,"twitter_card":"default","twitter_image_type":"default","twitter_image_url":null,"twitter_image_custom_url":null,"twitter_image_custom_fields":null,"twitter_title":null,"twitter_description":null,"schema":{"blockGraphs":[],"customGraphs":[],"default":{"data":{"Article":[],"Course":[],"Dataset":[],"FAQPage":[],"Movie":[],"Person":[],"Product":[],"ProductReview":[],"Car":[],"Recipe":[],"Service":[],"SoftwareApplication":[],"WebPage":[]},"graphName":"BlogPosting","isEnabled":true},"graphs":[]},"schema_type":"default","schema_type_options":null,"pillar_content":false,"robots_default":true,"robots_noindex":false,"robots_noarchive":false,"robots_nosnippet":false,"robots_nofollow":false,"robots_noimageindex":false,"robots_noodp":false,"robots_notranslate":false,"robots_max_snippet":"-1","robots_max_videopreview":"-1","robots_max_imagepreview":"large","priority":null,"frequency":"default","local_seo":null,"breadcrumb_settings":null,"limit_modified_date":false,"ai":{"faqs":[],"keyPoints":[],"titles":[],"descriptions":[],"socialPosts":{"email":[],"linkedin":[],"twitter":[],"facebook":[],"instagram":[]}},"created":"2026-01-20 15:52:45","updated":"2026-01-20 15:57:08","seo_analyzer_scan_date":null},"aioseo_breadcrumb":"<div class=\"aioseo-breadcrumbs\"><span class=\"aioseo-breadcrumb\">\n\t\t\t<a href=\"https:\/\/desarrollosiglo21.com\" title=\"Inicio\">Inicio<\/a>\n\t\t<\/span><span class=\"aioseo-breadcrumb-separator\">&raquo;<\/span><span class=\"aioseo-breadcrumb\">\n\t\t\t<a href=\"https:\/\/desarrollosiglo21.com\/index.php\/category\/locales\/\" title=\"Locales\">Locales<\/a>\n\t\t<\/span><span class=\"aioseo-breadcrumb-separator\">&raquo;<\/span><span class=\"aioseo-breadcrumb\">\n\t\t\tEncuentro de l\u00edderes empresariales en la aduana de Nuevo Laredo\n\t\t<\/span><\/div>","aioseo_breadcrumb_json":[{"label":"Inicio","link":"https:\/\/desarrollosiglo21.com"},{"label":"Locales","link":"https:\/\/desarrollosiglo21.com\/index.php\/category\/locales\/"},{"label":"Encuentro de l\u00edderes empresariales en la aduana de Nuevo Laredo","link":"https:\/\/desarrollosiglo21.com\/index.php\/2026\/01\/20\/encuentro-de-lideres-empresariales-en-la-aduana-de-nuevo-laredo\/"}],"featured_image_urls":{"full":["https:\/\/desarrollosiglo21.com\/wp-content\/uploads\/2026\/01\/IMG_6050.jpeg",1638,2048,false],"thumbnail":["https:\/\/desarrollosiglo21.com\/wp-content\/uploads\/2026\/01\/IMG_6050-150x150.jpeg",150,150,true],"medium":["https:\/\/desarrollosiglo21.com\/wp-content\/uploads\/2026\/01\/IMG_6050-240x300.jpeg",240,300,true],"medium_large":["https:\/\/desarrollosiglo21.com\/wp-content\/uploads\/2026\/01\/IMG_6050-768x960.jpeg",640,800,true],"large":["https:\/\/desarrollosiglo21.com\/wp-content\/uploads\/2026\/01\/IMG_6050-819x1024.jpeg",640,800,true],"1536x1536":["https:\/\/desarrollosiglo21.com\/wp-content\/uploads\/2026\/01\/IMG_6050-1229x1536.jpeg",1229,1536,true],"2048x2048":["https:\/\/desarrollosiglo21.com\/wp-content\/uploads\/2026\/01\/IMG_6050.jpeg",1638,2048,false],"darknews-slider-full":["https:\/\/desarrollosiglo21.com\/wp-content\/uploads\/2026\/01\/IMG_6050-1280x720.jpeg",1280,720,true],"darknews-featured":["https:\/\/desarrollosiglo21.com\/wp-content\/uploads\/2026\/01\/IMG_6050-1024x1280.jpeg",1024,1280,true],"darknews-medium":["https:\/\/desarrollosiglo21.com\/wp-content\/uploads\/2026\/01\/IMG_6050-720x530.jpeg",720,530,true],"darknews-medium-square":["https:\/\/desarrollosiglo21.com\/wp-content\/uploads\/2026\/01\/IMG_6050-350x350.jpeg",350,350,true]},"author_info":{"info":["Minerva Oseguera"]},"category_info":"<a href=\"https:\/\/desarrollosiglo21.com\/index.php\/category\/locales\/\" rel=\"category tag\">Locales<\/a>","tag_info":"Locales","comment_count":0,"_links":{"self":[{"href":"https:\/\/desarrollosiglo21.com\/index.php\/wp-json\/wp\/v2\/posts\/5610","targetHints":{"allow":["GET"]}}],"collection":[{"href":"https:\/\/desarrollosiglo21.com\/index.php\/wp-json\/wp\/v2\/posts"}],"about":[{"href":"https:\/\/desarrollosiglo21.com\/index.php\/wp-json\/wp\/v2\/types\/post"}],"author":[{"embeddable":true,"href":"https:\/\/desarrollosiglo21.com\/index.php\/wp-json\/wp\/v2\/users\/2"}],"replies":[{"embeddable":true,"href":"https:\/\/desarrollosiglo21.com\/index.php\/wp-json\/wp\/v2\/comments?post=5610"}],"version-history":[{"count":1,"href":"https:\/\/desarrollosiglo21.com\/index.php\/wp-json\/wp\/v2\/posts\/5610\/revisions"}],"predecessor-version":[{"id":5612,"href":"https:\/\/desarrollosiglo21.com\/index.php\/wp-json\/wp\/v2\/posts\/5610\/revisions\/5612"}],"wp:featuredmedia":[{"embeddable":true,"href":"https:\/\/desarrollosiglo21.com\/index.php\/wp-json\/wp\/v2\/media\/5611"}],"wp:attachment":[{"href":"https:\/\/desarrollosiglo21.com\/index.php\/wp-json\/wp\/v2\/media?parent=5610"}],"wp:term":[{"taxonomy":"category","embeddable":true,"href":"https:\/\/desarrollosiglo21.com\/index.php\/wp-json\/wp\/v2\/categories?post=5610"},{"taxonomy":"post_tag","embeddable":true,"href":"https:\/\/desarrollosiglo21.com\/index.php\/wp-json\/wp\/v2\/tags?post=5610"}],"curies":[{"name":"wp","href":"https:\/\/api.w.org\/{rel}","templated":true}]}}