{"id":5430,"date":"2025-12-15T08:19:08","date_gmt":"2025-12-15T14:19:08","guid":{"rendered":"https:\/\/desarrollosiglo21.com\/?p=5430"},"modified":"2025-12-15T08:19:08","modified_gmt":"2025-12-15T14:19:08","slug":"el-gobernador-participa-en-la-sesion-del-consejo-nacional-de-seguridad-publica","status":"publish","type":"post","link":"https:\/\/desarrollosiglo21.com\/index.php\/2025\/12\/15\/el-gobernador-participa-en-la-sesion-del-consejo-nacional-de-seguridad-publica\/","title":{"rendered":"El Gobernador participa en la Sesi\u00f3n del Consejo Nacional de Seguridad P\u00fablica"},"content":{"rendered":"<p>El Gobernador de Tamaulipas, Am\u00e9rico Villarreal, estuvo presente en Palacio Nacional, acompa\u00f1ando a la presidenta de M\u00e9xico, Claudia Sheinbaum Pardo, durante la Sesi\u00f3n Ordinaria del Consejo Nacional de Seguridad P\u00fablica, un espacio fundamental para fortalecer la coordinaci\u00f3n en materia de seguridad a nivel nacional.<\/p>\n<p>Durante este encuentro, se reafirm\u00f3 el compromiso de seguir trabajando con un enfoque humanista y de manera coordinada entre los tres \u00f3rdenes de gobierno, con el objetivo de garantizar el bienestar y la seguridad de las y los tamaulipecos.<\/p>\n","protected":false},"excerpt":{"rendered":"<p>El Gobernador de Tamaulipas, Am\u00e9rico Villarreal, estuvo presente en Palacio<\/p>\n","protected":false},"author":2,"featured_media":5431,"comment_status":"open","ping_status":"open","sticky":false,"template":"","format":"standard","meta":{"footnotes":""},"categories":[5],"tags":[],"class_list":["post-5430","post","type-post","status-publish","format-standard","has-post-thumbnail","hentry","category-estado"],"aioseo_notices":[],"aioseo_head":"\n\t\t<!-- All in One SEO 4.9.10 - aioseo.com -->\n\t<meta name=\"description\" content=\"El Gobernador de Tamaulipas, Am\u00e9rico Villarreal, estuvo presente en Palacio Nacional, acompa\u00f1ando a la presidenta de M\u00e9xico, Claudia Sheinbaum Pardo, durante la Sesi\u00f3n Ordinaria del Consejo Nacional de Seguridad P\u00fablica, un espacio fundamental para fortalecer la coordinaci\u00f3n en materia de seguridad a nivel nacional. Durante este encuentro, se reafirm\u00f3 el compromiso de seguir trabajando con\" \/>\n\t<meta name=\"robots\" content=\"max-image-preview:large\" \/>\n\t<meta name=\"author\" content=\"Minerva Oseguera\"\/>\n\t<link rel=\"canonical\" href=\"https:\/\/desarrollosiglo21.com\/index.php\/2025\/12\/15\/el-gobernador-participa-en-la-sesion-del-consejo-nacional-de-seguridad-publica\/\" \/>\n\t<meta name=\"generator\" content=\"All in One SEO (AIOSEO) 4.9.10\" \/>\n\t\t<meta property=\"og:locale\" content=\"es_MX\" \/>\n\t\t<meta property=\"og:site_name\" content=\"Desarrollo Siglo XXI - Revista Digital de Informaci\u00f3n y Negocios en Comercio Exterior\" \/>\n\t\t<meta property=\"og:type\" content=\"article\" \/>\n\t\t<meta property=\"og:title\" content=\"El Gobernador participa en la Sesi\u00f3n del Consejo Nacional de Seguridad P\u00fablica - Desarrollo Siglo XXI\" \/>\n\t\t<meta property=\"og:description\" content=\"El Gobernador de Tamaulipas, Am\u00e9rico Villarreal, estuvo presente en Palacio Nacional, acompa\u00f1ando a la presidenta de M\u00e9xico, Claudia Sheinbaum Pardo, durante la Sesi\u00f3n Ordinaria del Consejo Nacional de Seguridad P\u00fablica, un espacio fundamental para fortalecer la coordinaci\u00f3n en materia de seguridad a nivel nacional. Durante este encuentro, se reafirm\u00f3 el compromiso de seguir trabajando con\" \/>\n\t\t<meta property=\"og:url\" content=\"https:\/\/desarrollosiglo21.com\/index.php\/2025\/12\/15\/el-gobernador-participa-en-la-sesion-del-consejo-nacional-de-seguridad-publica\/\" \/>\n\t\t<meta property=\"og:image\" content=\"https:\/\/desarrollosiglo21.com\/wp-content\/uploads\/2026\/06\/cropped-logo-4.png\" \/>\n\t\t<meta property=\"og:image:secure_url\" content=\"https:\/\/desarrollosiglo21.com\/wp-content\/uploads\/2026\/06\/cropped-logo-4.png\" \/>\n\t\t<meta property=\"article:published_time\" content=\"2025-12-15T14:19:08+00:00\" \/>\n\t\t<meta property=\"article:modified_time\" content=\"2025-12-15T14:19:08+00:00\" \/>\n\t\t<meta property=\"article:publisher\" content=\"https:\/\/facebook.com\/dsiglo21\" \/>\n\t\t<meta name=\"twitter:card\" content=\"summary_large_image\" \/>\n\t\t<meta name=\"twitter:title\" content=\"El Gobernador participa en la Sesi\u00f3n del Consejo Nacional de Seguridad P\u00fablica - Desarrollo Siglo XXI\" \/>\n\t\t<meta name=\"twitter:description\" content=\"El Gobernador de Tamaulipas, Am\u00e9rico Villarreal, estuvo presente en Palacio Nacional, acompa\u00f1ando a la presidenta de M\u00e9xico, Claudia Sheinbaum Pardo, durante la Sesi\u00f3n Ordinaria del Consejo Nacional de Seguridad P\u00fablica, un espacio fundamental para fortalecer la coordinaci\u00f3n en materia de seguridad a nivel nacional. Durante este encuentro, se reafirm\u00f3 el compromiso de seguir trabajando con\" \/>\n\t\t<meta name=\"twitter:image\" content=\"https:\/\/desarrollosiglo21.com\/wp-content\/uploads\/2026\/06\/cropped-logo-4.png\" \/>\n\t\t<script type=\"application\/ld+json\" class=\"aioseo-schema\">\n\t\t\t{\"@context\":\"https:\\\/\\\/schema.org\",\"@graph\":[{\"@type\":\"BlogPosting\",\"@id\":\"https:\\\/\\\/desarrollosiglo21.com\\\/index.php\\\/2025\\\/12\\\/15\\\/el-gobernador-participa-en-la-sesion-del-consejo-nacional-de-seguridad-publica\\\/#blogposting\",\"name\":\"El Gobernador participa en la Sesi\\u00f3n del Consejo Nacional de Seguridad P\\u00fablica - Desarrollo Siglo XXI\",\"headline\":\"El Gobernador participa en la Sesi\\u00f3n del Consejo Nacional de Seguridad P\\u00fablica\",\"author\":{\"@id\":\"https:\\\/\\\/desarrollosiglo21.com\\\/index.php\\\/author\\\/minerva-oseguera\\\/#author\"},\"publisher\":{\"@id\":\"https:\\\/\\\/desarrollosiglo21.com\\\/#organization\"},\"image\":{\"@type\":\"ImageObject\",\"url\":\"https:\\\/\\\/desarrollosiglo21.com\\\/wp-content\\\/uploads\\\/2025\\\/12\\\/IMG_5114.jpeg\",\"width\":960,\"height\":639},\"datePublished\":\"2025-12-15T08:19:08-06:00\",\"dateModified\":\"2025-12-15T08:19:08-06:00\",\"inLanguage\":\"es-MX\",\"mainEntityOfPage\":{\"@id\":\"https:\\\/\\\/desarrollosiglo21.com\\\/index.php\\\/2025\\\/12\\\/15\\\/el-gobernador-participa-en-la-sesion-del-consejo-nacional-de-seguridad-publica\\\/#webpage\"},\"isPartOf\":{\"@id\":\"https:\\\/\\\/desarrollosiglo21.com\\\/index.php\\\/2025\\\/12\\\/15\\\/el-gobernador-participa-en-la-sesion-del-consejo-nacional-de-seguridad-publica\\\/#webpage\"},\"articleSection\":\"Estado\"},{\"@type\":\"BreadcrumbList\",\"@id\":\"https:\\\/\\\/desarrollosiglo21.com\\\/index.php\\\/2025\\\/12\\\/15\\\/el-gobernador-participa-en-la-sesion-del-consejo-nacional-de-seguridad-publica\\\/#breadcrumblist\",\"itemListElement\":[{\"@type\":\"ListItem\",\"@id\":\"https:\\\/\\\/desarrollosiglo21.com#listItem\",\"position\":1,\"name\":\"Inicio\",\"item\":\"https:\\\/\\\/desarrollosiglo21.com\",\"nextItem\":{\"@type\":\"ListItem\",\"@id\":\"https:\\\/\\\/desarrollosiglo21.com\\\/index.php\\\/category\\\/estado\\\/#listItem\",\"name\":\"Estado\"}},{\"@type\":\"ListItem\",\"@id\":\"https:\\\/\\\/desarrollosiglo21.com\\\/index.php\\\/category\\\/estado\\\/#listItem\",\"position\":2,\"name\":\"Estado\",\"item\":\"https:\\\/\\\/desarrollosiglo21.com\\\/index.php\\\/category\\\/estado\\\/\",\"nextItem\":{\"@type\":\"ListItem\",\"@id\":\"https:\\\/\\\/desarrollosiglo21.com\\\/index.php\\\/2025\\\/12\\\/15\\\/el-gobernador-participa-en-la-sesion-del-consejo-nacional-de-seguridad-publica\\\/#listItem\",\"name\":\"El Gobernador participa en la Sesi\\u00f3n del Consejo Nacional de Seguridad P\\u00fablica\"},\"previousItem\":{\"@type\":\"ListItem\",\"@id\":\"https:\\\/\\\/desarrollosiglo21.com#listItem\",\"name\":\"Inicio\"}},{\"@type\":\"ListItem\",\"@id\":\"https:\\\/\\\/desarrollosiglo21.com\\\/index.php\\\/2025\\\/12\\\/15\\\/el-gobernador-participa-en-la-sesion-del-consejo-nacional-de-seguridad-publica\\\/#listItem\",\"position\":3,\"name\":\"El Gobernador participa en la Sesi\\u00f3n del Consejo Nacional de Seguridad P\\u00fablica\",\"previousItem\":{\"@type\":\"ListItem\",\"@id\":\"https:\\\/\\\/desarrollosiglo21.com\\\/index.php\\\/category\\\/estado\\\/#listItem\",\"name\":\"Estado\"}}]},{\"@type\":\"Organization\",\"@id\":\"https:\\\/\\\/desarrollosiglo21.com\\\/#organization\",\"name\":\"Desarrollo Siglo XXI\",\"description\":\"Revista Digital de Informaci\\u00f3n y Negocios en Comercio Exterior\",\"url\":\"https:\\\/\\\/desarrollosiglo21.com\\\/\",\"logo\":{\"@type\":\"ImageObject\",\"url\":\"https:\\\/\\\/desarrollosiglo21.com\\\/wp-content\\\/uploads\\\/2026\\\/06\\\/cropped-logo-4.png\",\"@id\":\"https:\\\/\\\/desarrollosiglo21.com\\\/index.php\\\/2025\\\/12\\\/15\\\/el-gobernador-participa-en-la-sesion-del-consejo-nacional-de-seguridad-publica\\\/#organizationLogo\",\"width\":750,\"height\":287},\"image\":{\"@id\":\"https:\\\/\\\/desarrollosiglo21.com\\\/index.php\\\/2025\\\/12\\\/15\\\/el-gobernador-participa-en-la-sesion-del-consejo-nacional-de-seguridad-publica\\\/#organizationLogo\"},\"sameAs\":[\"https:\\\/\\\/facebook.com\\\/dsiglo21\",\"https:\\\/\\\/instagram.com\\\/dsigloxxi\",\"https:\\\/\\\/www.youtube.com\\\/@minervaoseguera8503\"]},{\"@type\":\"Person\",\"@id\":\"https:\\\/\\\/desarrollosiglo21.com\\\/index.php\\\/author\\\/minerva-oseguera\\\/#author\",\"url\":\"https:\\\/\\\/desarrollosiglo21.com\\\/index.php\\\/author\\\/minerva-oseguera\\\/\",\"name\":\"Minerva Oseguera\",\"image\":{\"@type\":\"ImageObject\",\"@id\":\"https:\\\/\\\/desarrollosiglo21.com\\\/index.php\\\/2025\\\/12\\\/15\\\/el-gobernador-participa-en-la-sesion-del-consejo-nacional-de-seguridad-publica\\\/#authorImage\",\"url\":\"https:\\\/\\\/desarrollosiglo21.com\\\/wp-content\\\/litespeed\\\/avatar\\\/5de497389262628152d49908301e9dd4.jpg?ver=1788128803\",\"width\":96,\"height\":96,\"caption\":\"Minerva Oseguera\"}},{\"@type\":\"WebPage\",\"@id\":\"https:\\\/\\\/desarrollosiglo21.com\\\/index.php\\\/2025\\\/12\\\/15\\\/el-gobernador-participa-en-la-sesion-del-consejo-nacional-de-seguridad-publica\\\/#webpage\",\"url\":\"https:\\\/\\\/desarrollosiglo21.com\\\/index.php\\\/2025\\\/12\\\/15\\\/el-gobernador-participa-en-la-sesion-del-consejo-nacional-de-seguridad-publica\\\/\",\"name\":\"El Gobernador participa en la Sesi\\u00f3n del Consejo Nacional de Seguridad P\\u00fablica - Desarrollo Siglo XXI\",\"description\":\"El Gobernador de Tamaulipas, Am\\u00e9rico Villarreal, estuvo presente en Palacio Nacional, acompa\\u00f1ando a la presidenta de M\\u00e9xico, Claudia Sheinbaum Pardo, durante la Sesi\\u00f3n Ordinaria del Consejo Nacional de Seguridad P\\u00fablica, un espacio fundamental para fortalecer la coordinaci\\u00f3n en materia de seguridad a nivel nacional. Durante este encuentro, se reafirm\\u00f3 el compromiso de seguir trabajando con\",\"inLanguage\":\"es-MX\",\"isPartOf\":{\"@id\":\"https:\\\/\\\/desarrollosiglo21.com\\\/#website\"},\"breadcrumb\":{\"@id\":\"https:\\\/\\\/desarrollosiglo21.com\\\/index.php\\\/2025\\\/12\\\/15\\\/el-gobernador-participa-en-la-sesion-del-consejo-nacional-de-seguridad-publica\\\/#breadcrumblist\"},\"author\":{\"@id\":\"https:\\\/\\\/desarrollosiglo21.com\\\/index.php\\\/author\\\/minerva-oseguera\\\/#author\"},\"creator\":{\"@id\":\"https:\\\/\\\/desarrollosiglo21.com\\\/index.php\\\/author\\\/minerva-oseguera\\\/#author\"},\"image\":{\"@type\":\"ImageObject\",\"url\":\"https:\\\/\\\/desarrollosiglo21.com\\\/wp-content\\\/uploads\\\/2025\\\/12\\\/IMG_5114.jpeg\",\"@id\":\"https:\\\/\\\/desarrollosiglo21.com\\\/index.php\\\/2025\\\/12\\\/15\\\/el-gobernador-participa-en-la-sesion-del-consejo-nacional-de-seguridad-publica\\\/#mainImage\",\"width\":960,\"height\":639},\"primaryImageOfPage\":{\"@id\":\"https:\\\/\\\/desarrollosiglo21.com\\\/index.php\\\/2025\\\/12\\\/15\\\/el-gobernador-participa-en-la-sesion-del-consejo-nacional-de-seguridad-publica\\\/#mainImage\"},\"datePublished\":\"2025-12-15T08:19:08-06:00\",\"dateModified\":\"2025-12-15T08:19:08-06:00\"},{\"@type\":\"WebSite\",\"@id\":\"https:\\\/\\\/desarrollosiglo21.com\\\/#website\",\"url\":\"https:\\\/\\\/desarrollosiglo21.com\\\/\",\"name\":\"Desarrollo Siglo XXI\",\"description\":\"Revista Digital de Informaci\\u00f3n y Negocios en Comercio Exterior\",\"inLanguage\":\"es-MX\",\"publisher\":{\"@id\":\"https:\\\/\\\/desarrollosiglo21.com\\\/#organization\"}}]}\n\t\t<\/script>\n\t\t<!-- All in One SEO -->\n\n","aioseo_head_json":{"title":"El Gobernador participa en la Sesi\u00f3n del Consejo Nacional de Seguridad P\u00fablica - Desarrollo Siglo XXI","description":"El Gobernador de Tamaulipas, Am\u00e9rico Villarreal, estuvo presente en Palacio Nacional, acompa\u00f1ando a la presidenta de M\u00e9xico, Claudia Sheinbaum Pardo, durante la Sesi\u00f3n Ordinaria del Consejo Nacional de Seguridad P\u00fablica, un espacio fundamental para fortalecer la coordinaci\u00f3n en materia de seguridad a nivel nacional. Durante este encuentro, se reafirm\u00f3 el compromiso de seguir trabajando con","canonical_url":"https:\/\/desarrollosiglo21.com\/index.php\/2025\/12\/15\/el-gobernador-participa-en-la-sesion-del-consejo-nacional-de-seguridad-publica\/","robots":"max-image-preview:large","keywords":"","webmasterTools":{"miscellaneous":""},"schema":{"@context":"https:\/\/schema.org","@graph":[{"@type":"BlogPosting","@id":"https:\/\/desarrollosiglo21.com\/index.php\/2025\/12\/15\/el-gobernador-participa-en-la-sesion-del-consejo-nacional-de-seguridad-publica\/#blogposting","name":"El Gobernador participa en la Sesi\u00f3n del Consejo Nacional de Seguridad P\u00fablica - Desarrollo Siglo XXI","headline":"El Gobernador participa en la Sesi\u00f3n del Consejo Nacional de Seguridad P\u00fablica","author":{"@id":"https:\/\/desarrollosiglo21.com\/index.php\/author\/minerva-oseguera\/#author"},"publisher":{"@id":"https:\/\/desarrollosiglo21.com\/#organization"},"image":{"@type":"ImageObject","url":"https:\/\/desarrollosiglo21.com\/wp-content\/uploads\/2025\/12\/IMG_5114.jpeg","width":960,"height":639},"datePublished":"2025-12-15T08:19:08-06:00","dateModified":"2025-12-15T08:19:08-06:00","inLanguage":"es-MX","mainEntityOfPage":{"@id":"https:\/\/desarrollosiglo21.com\/index.php\/2025\/12\/15\/el-gobernador-participa-en-la-sesion-del-consejo-nacional-de-seguridad-publica\/#webpage"},"isPartOf":{"@id":"https:\/\/desarrollosiglo21.com\/index.php\/2025\/12\/15\/el-gobernador-participa-en-la-sesion-del-consejo-nacional-de-seguridad-publica\/#webpage"},"articleSection":"Estado"},{"@type":"BreadcrumbList","@id":"https:\/\/desarrollosiglo21.com\/index.php\/2025\/12\/15\/el-gobernador-participa-en-la-sesion-del-consejo-nacional-de-seguridad-publica\/#breadcrumblist","itemListElement":[{"@type":"ListItem","@id":"https:\/\/desarrollosiglo21.com#listItem","position":1,"name":"Inicio","item":"https:\/\/desarrollosiglo21.com","nextItem":{"@type":"ListItem","@id":"https:\/\/desarrollosiglo21.com\/index.php\/category\/estado\/#listItem","name":"Estado"}},{"@type":"ListItem","@id":"https:\/\/desarrollosiglo21.com\/index.php\/category\/estado\/#listItem","position":2,"name":"Estado","item":"https:\/\/desarrollosiglo21.com\/index.php\/category\/estado\/","nextItem":{"@type":"ListItem","@id":"https:\/\/desarrollosiglo21.com\/index.php\/2025\/12\/15\/el-gobernador-participa-en-la-sesion-del-consejo-nacional-de-seguridad-publica\/#listItem","name":"El Gobernador participa en la Sesi\u00f3n del Consejo Nacional de Seguridad P\u00fablica"},"previousItem":{"@type":"ListItem","@id":"https:\/\/desarrollosiglo21.com#listItem","name":"Inicio"}},{"@type":"ListItem","@id":"https:\/\/desarrollosiglo21.com\/index.php\/2025\/12\/15\/el-gobernador-participa-en-la-sesion-del-consejo-nacional-de-seguridad-publica\/#listItem","position":3,"name":"El Gobernador participa en la Sesi\u00f3n del Consejo Nacional de Seguridad P\u00fablica","previousItem":{"@type":"ListItem","@id":"https:\/\/desarrollosiglo21.com\/index.php\/category\/estado\/#listItem","name":"Estado"}}]},{"@type":"Organization","@id":"https:\/\/desarrollosiglo21.com\/#organization","name":"Desarrollo Siglo XXI","description":"Revista Digital de Informaci\u00f3n y Negocios en Comercio Exterior","url":"https:\/\/desarrollosiglo21.com\/","logo":{"@type":"ImageObject","url":"https:\/\/desarrollosiglo21.com\/wp-content\/uploads\/2026\/06\/cropped-logo-4.png","@id":"https:\/\/desarrollosiglo21.com\/index.php\/2025\/12\/15\/el-gobernador-participa-en-la-sesion-del-consejo-nacional-de-seguridad-publica\/#organizationLogo","width":750,"height":287},"image":{"@id":"https:\/\/desarrollosiglo21.com\/index.php\/2025\/12\/15\/el-gobernador-participa-en-la-sesion-del-consejo-nacional-de-seguridad-publica\/#organizationLogo"},"sameAs":["https:\/\/facebook.com\/dsiglo21","https:\/\/instagram.com\/dsigloxxi","https:\/\/www.youtube.com\/@minervaoseguera8503"]},{"@type":"Person","@id":"https:\/\/desarrollosiglo21.com\/index.php\/author\/minerva-oseguera\/#author","url":"https:\/\/desarrollosiglo21.com\/index.php\/author\/minerva-oseguera\/","name":"Minerva Oseguera","image":{"@type":"ImageObject","@id":"https:\/\/desarrollosiglo21.com\/index.php\/2025\/12\/15\/el-gobernador-participa-en-la-sesion-del-consejo-nacional-de-seguridad-publica\/#authorImage","url":"https:\/\/desarrollosiglo21.com\/wp-content\/litespeed\/avatar\/5de497389262628152d49908301e9dd4.jpg?ver=1788128803","width":96,"height":96,"caption":"Minerva Oseguera"}},{"@type":"WebPage","@id":"https:\/\/desarrollosiglo21.com\/index.php\/2025\/12\/15\/el-gobernador-participa-en-la-sesion-del-consejo-nacional-de-seguridad-publica\/#webpage","url":"https:\/\/desarrollosiglo21.com\/index.php\/2025\/12\/15\/el-gobernador-participa-en-la-sesion-del-consejo-nacional-de-seguridad-publica\/","name":"El Gobernador participa en la Sesi\u00f3n del Consejo Nacional de Seguridad P\u00fablica - Desarrollo Siglo XXI","description":"El Gobernador de Tamaulipas, Am\u00e9rico Villarreal, estuvo presente en Palacio Nacional, acompa\u00f1ando a la presidenta de M\u00e9xico, Claudia Sheinbaum Pardo, durante la Sesi\u00f3n Ordinaria del Consejo Nacional de Seguridad P\u00fablica, un espacio fundamental para fortalecer la coordinaci\u00f3n en materia de seguridad a nivel nacional. Durante este encuentro, se reafirm\u00f3 el compromiso de seguir trabajando con","inLanguage":"es-MX","isPartOf":{"@id":"https:\/\/desarrollosiglo21.com\/#website"},"breadcrumb":{"@id":"https:\/\/desarrollosiglo21.com\/index.php\/2025\/12\/15\/el-gobernador-participa-en-la-sesion-del-consejo-nacional-de-seguridad-publica\/#breadcrumblist"},"author":{"@id":"https:\/\/desarrollosiglo21.com\/index.php\/author\/minerva-oseguera\/#author"},"creator":{"@id":"https:\/\/desarrollosiglo21.com\/index.php\/author\/minerva-oseguera\/#author"},"image":{"@type":"ImageObject","url":"https:\/\/desarrollosiglo21.com\/wp-content\/uploads\/2025\/12\/IMG_5114.jpeg","@id":"https:\/\/desarrollosiglo21.com\/index.php\/2025\/12\/15\/el-gobernador-participa-en-la-sesion-del-consejo-nacional-de-seguridad-publica\/#mainImage","width":960,"height":639},"primaryImageOfPage":{"@id":"https:\/\/desarrollosiglo21.com\/index.php\/2025\/12\/15\/el-gobernador-participa-en-la-sesion-del-consejo-nacional-de-seguridad-publica\/#mainImage"},"datePublished":"2025-12-15T08:19:08-06:00","dateModified":"2025-12-15T08:19:08-06:00"},{"@type":"WebSite","@id":"https:\/\/desarrollosiglo21.com\/#website","url":"https:\/\/desarrollosiglo21.com\/","name":"Desarrollo Siglo XXI","description":"Revista Digital de Informaci\u00f3n y Negocios en Comercio Exterior","inLanguage":"es-MX","publisher":{"@id":"https:\/\/desarrollosiglo21.com\/#organization"}}]},"og:locale":"es_MX","og:site_name":"Desarrollo Siglo XXI - Revista Digital de Informaci\u00f3n y Negocios en Comercio Exterior","og:type":"article","og:title":"El Gobernador participa en la Sesi\u00f3n del Consejo Nacional de Seguridad P\u00fablica - Desarrollo Siglo XXI","og:description":"El Gobernador de Tamaulipas, Am\u00e9rico Villarreal, estuvo presente en Palacio Nacional, acompa\u00f1ando a la presidenta de M\u00e9xico, Claudia Sheinbaum Pardo, durante la Sesi\u00f3n Ordinaria del Consejo Nacional de Seguridad P\u00fablica, un espacio fundamental para fortalecer la coordinaci\u00f3n en materia de seguridad a nivel nacional. Durante este encuentro, se reafirm\u00f3 el compromiso de seguir trabajando con","og:url":"https:\/\/desarrollosiglo21.com\/index.php\/2025\/12\/15\/el-gobernador-participa-en-la-sesion-del-consejo-nacional-de-seguridad-publica\/","og:image":"https:\/\/desarrollosiglo21.com\/wp-content\/uploads\/2026\/06\/cropped-logo-4.png","og:image:secure_url":"https:\/\/desarrollosiglo21.com\/wp-content\/uploads\/2026\/06\/cropped-logo-4.png","article:published_time":"2025-12-15T14:19:08+00:00","article:modified_time":"2025-12-15T14:19:08+00:00","article:publisher":"https:\/\/facebook.com\/dsiglo21","twitter:card":"summary_large_image","twitter:title":"El Gobernador participa en la Sesi\u00f3n del Consejo Nacional de Seguridad P\u00fablica - Desarrollo Siglo XXI","twitter:description":"El Gobernador de Tamaulipas, Am\u00e9rico Villarreal, estuvo presente en Palacio Nacional, acompa\u00f1ando a la presidenta de M\u00e9xico, Claudia Sheinbaum Pardo, durante la Sesi\u00f3n Ordinaria del Consejo Nacional de Seguridad P\u00fablica, un espacio fundamental para fortalecer la coordinaci\u00f3n en materia de seguridad a nivel nacional. Durante este encuentro, se reafirm\u00f3 el compromiso de seguir trabajando con","twitter:image":"https:\/\/desarrollosiglo21.com\/wp-content\/uploads\/2026\/06\/cropped-logo-4.png"},"aioseo_meta_data":{"post_id":"5430","title":null,"description":null,"keywords":null,"keyphrases":{"focus":{"keyphrase":"","score":0,"analysis":{"keyphraseInTitle":{"score":0,"maxScore":9,"error":1}}},"additional":[]},"primary_term":null,"canonical_url":null,"og_title":null,"og_description":null,"og_object_type":"default","og_image_type":"default","og_image_url":null,"og_image_width":null,"og_image_height":null,"og_image_custom_url":null,"og_image_custom_fields":null,"og_video":"","og_custom_url":null,"og_article_section":null,"og_article_tags":null,"twitter_use_og":false,"twitter_card":"default","twitter_image_type":"default","twitter_image_url":null,"twitter_image_custom_url":null,"twitter_image_custom_fields":null,"twitter_title":null,"twitter_description":null,"schema":{"blockGraphs":[],"customGraphs":[],"default":{"data":{"Article":[],"Course":[],"Dataset":[],"FAQPage":[],"Movie":[],"Person":[],"Product":[],"ProductReview":[],"Car":[],"Recipe":[],"Service":[],"SoftwareApplication":[],"WebPage":[]},"graphName":"BlogPosting","isEnabled":true},"graphs":[]},"schema_type":"default","schema_type_options":null,"pillar_content":false,"robots_default":true,"robots_noindex":false,"robots_noarchive":false,"robots_nosnippet":false,"robots_nofollow":false,"robots_noimageindex":false,"robots_noodp":false,"robots_notranslate":false,"robots_max_snippet":"-1","robots_max_videopreview":"-1","robots_max_imagepreview":"large","priority":null,"frequency":"default","local_seo":null,"breadcrumb_settings":null,"limit_modified_date":false,"ai":{"faqs":[],"keyPoints":[],"titles":[],"descriptions":[],"socialPosts":{"email":[],"linkedin":[],"twitter":[],"facebook":[],"instagram":[]}},"created":"2025-12-15 14:19:08","updated":"2025-12-15 14:21:09","seo_analyzer_scan_date":null},"aioseo_breadcrumb":"<div class=\"aioseo-breadcrumbs\"><span class=\"aioseo-breadcrumb\">\n\t\t\t<a href=\"https:\/\/desarrollosiglo21.com\" title=\"Inicio\">Inicio<\/a>\n\t\t<\/span><span class=\"aioseo-breadcrumb-separator\">&raquo;<\/span><span class=\"aioseo-breadcrumb\">\n\t\t\t<a href=\"https:\/\/desarrollosiglo21.com\/index.php\/category\/estado\/\" title=\"Estado\">Estado<\/a>\n\t\t<\/span><span class=\"aioseo-breadcrumb-separator\">&raquo;<\/span><span class=\"aioseo-breadcrumb\">\n\t\t\tEl Gobernador participa en la Sesi\u00f3n del Consejo Nacional de Seguridad P\u00fablica\n\t\t<\/span><\/div>","aioseo_breadcrumb_json":[{"label":"Inicio","link":"https:\/\/desarrollosiglo21.com"},{"label":"Estado","link":"https:\/\/desarrollosiglo21.com\/index.php\/category\/estado\/"},{"label":"El Gobernador participa en la Sesi\u00f3n del Consejo Nacional de Seguridad P\u00fablica","link":"https:\/\/desarrollosiglo21.com\/index.php\/2025\/12\/15\/el-gobernador-participa-en-la-sesion-del-consejo-nacional-de-seguridad-publica\/"}],"featured_image_urls":{"full":["https:\/\/desarrollosiglo21.com\/wp-content\/uploads\/2025\/12\/IMG_5114.jpeg",960,639,false],"thumbnail":["https:\/\/desarrollosiglo21.com\/wp-content\/uploads\/2025\/12\/IMG_5114-150x150.jpeg",150,150,true],"medium":["https:\/\/desarrollosiglo21.com\/wp-content\/uploads\/2025\/12\/IMG_5114-300x200.jpeg",300,200,true],"medium_large":["https:\/\/desarrollosiglo21.com\/wp-content\/uploads\/2025\/12\/IMG_5114-768x511.jpeg",640,426,true],"large":["https:\/\/desarrollosiglo21.com\/wp-content\/uploads\/2025\/12\/IMG_5114.jpeg",640,426,false],"1536x1536":["https:\/\/desarrollosiglo21.com\/wp-content\/uploads\/2025\/12\/IMG_5114.jpeg",960,639,false],"2048x2048":["https:\/\/desarrollosiglo21.com\/wp-content\/uploads\/2025\/12\/IMG_5114.jpeg",960,639,false],"darknews-slider-full":["https:\/\/desarrollosiglo21.com\/wp-content\/uploads\/2025\/12\/IMG_5114.jpeg",960,639,false],"darknews-featured":["https:\/\/desarrollosiglo21.com\/wp-content\/uploads\/2025\/12\/IMG_5114.jpeg",960,639,false],"darknews-medium":["https:\/\/desarrollosiglo21.com\/wp-content\/uploads\/2025\/12\/IMG_5114-720x530.jpeg",720,530,true],"darknews-medium-square":["https:\/\/desarrollosiglo21.com\/wp-content\/uploads\/2025\/12\/IMG_5114-350x350.jpeg",350,350,true]},"author_info":{"info":["Minerva Oseguera"]},"category_info":"<a href=\"https:\/\/desarrollosiglo21.com\/index.php\/category\/estado\/\" rel=\"category tag\">Estado<\/a>","tag_info":"Estado","comment_count":0,"_links":{"self":[{"href":"https:\/\/desarrollosiglo21.com\/index.php\/wp-json\/wp\/v2\/posts\/5430","targetHints":{"allow":["GET"]}}],"collection":[{"href":"https:\/\/desarrollosiglo21.com\/index.php\/wp-json\/wp\/v2\/posts"}],"about":[{"href":"https:\/\/desarrollosiglo21.com\/index.php\/wp-json\/wp\/v2\/types\/post"}],"author":[{"embeddable":true,"href":"https:\/\/desarrollosiglo21.com\/index.php\/wp-json\/wp\/v2\/users\/2"}],"replies":[{"embeddable":true,"href":"https:\/\/desarrollosiglo21.com\/index.php\/wp-json\/wp\/v2\/comments?post=5430"}],"version-history":[{"count":1,"href":"https:\/\/desarrollosiglo21.com\/index.php\/wp-json\/wp\/v2\/posts\/5430\/revisions"}],"predecessor-version":[{"id":5432,"href":"https:\/\/desarrollosiglo21.com\/index.php\/wp-json\/wp\/v2\/posts\/5430\/revisions\/5432"}],"wp:featuredmedia":[{"embeddable":true,"href":"https:\/\/desarrollosiglo21.com\/index.php\/wp-json\/wp\/v2\/media\/5431"}],"wp:attachment":[{"href":"https:\/\/desarrollosiglo21.com\/index.php\/wp-json\/wp\/v2\/media?parent=5430"}],"wp:term":[{"taxonomy":"category","embeddable":true,"href":"https:\/\/desarrollosiglo21.com\/index.php\/wp-json\/wp\/v2\/categories?post=5430"},{"taxonomy":"post_tag","embeddable":true,"href":"https:\/\/desarrollosiglo21.com\/index.php\/wp-json\/wp\/v2\/tags?post=5430"}],"curies":[{"name":"wp","href":"https:\/\/api.w.org\/{rel}","templated":true}]}}