{"id":5427,"date":"2025-12-15T08:14:03","date_gmt":"2025-12-15T14:14:03","guid":{"rendered":"https:\/\/desarrollosiglo21.com\/?p=5427"},"modified":"2025-12-15T08:14:03","modified_gmt":"2025-12-15T14:14:03","slug":"nuestra-presidenta-recibe-a-transportistas-de-carga-de-nuevo-laredo","status":"publish","type":"post","link":"https:\/\/desarrollosiglo21.com\/index.php\/2025\/12\/15\/nuestra-presidenta-recibe-a-transportistas-de-carga-de-nuevo-laredo\/","title":{"rendered":"Nuestra Presidenta recibe a transportistas de carga de Nuevo Laredo"},"content":{"rendered":"<p>Nuestra Presidenta recibi\u00f3 al Ing. Pedro Lozano Mart\u00ednez, presidente de la Asociaci\u00f3n de Transportistas de Carga de Nuevo Laredo, acompa\u00f1ado por integrantes de este organismo, en un encuentro que refrend\u00f3 el compromiso de mantener una relaci\u00f3n de trabajo cercana y productiva.<\/p>\n<p>Durante la reuni\u00f3n se destac\u00f3 que ha sido un a\u00f1o de colaboraci\u00f3n constante, con resultados que reflejan el esfuerzo conjunto para fortalecer al sector transportista, pieza clave en la competitividad log\u00edstica y comercial de la regi\u00f3n.<\/p>\n","protected":false},"excerpt":{"rendered":"<p>Nuestra Presidenta recibi\u00f3 al Ing. Pedro Lozano Mart\u00ednez, presidente de<\/p>\n","protected":false},"author":2,"featured_media":5428,"comment_status":"open","ping_status":"open","sticky":false,"template":"","format":"standard","meta":{"footnotes":""},"categories":[4],"tags":[],"class_list":["post-5427","post","type-post","status-publish","format-standard","has-post-thumbnail","hentry","category-locales"],"aioseo_notices":[],"aioseo_head":"\n\t\t<!-- All in One SEO 4.9.10 - aioseo.com -->\n\t<meta name=\"description\" content=\"Nuestra Presidenta recibi\u00f3 al Ing. Pedro Lozano Mart\u00ednez, presidente de la Asociaci\u00f3n de Transportistas de Carga de Nuevo Laredo, acompa\u00f1ado por integrantes de este organismo, en un encuentro que refrend\u00f3 el compromiso de mantener una relaci\u00f3n de trabajo cercana y productiva. Durante la reuni\u00f3n se destac\u00f3 que ha sido un a\u00f1o de colaboraci\u00f3n constante, con\" \/>\n\t<meta name=\"robots\" content=\"max-image-preview:large\" \/>\n\t<meta name=\"author\" content=\"Minerva Oseguera\"\/>\n\t<link rel=\"canonical\" href=\"https:\/\/desarrollosiglo21.com\/index.php\/2025\/12\/15\/nuestra-presidenta-recibe-a-transportistas-de-carga-de-nuevo-laredo\/\" \/>\n\t<meta name=\"generator\" content=\"All in One SEO (AIOSEO) 4.9.10\" \/>\n\t\t<meta property=\"og:locale\" content=\"es_MX\" \/>\n\t\t<meta property=\"og:site_name\" content=\"Desarrollo Siglo XXI - Revista Digital de Informaci\u00f3n y Negocios en Comercio Exterior\" \/>\n\t\t<meta property=\"og:type\" content=\"article\" \/>\n\t\t<meta property=\"og:title\" content=\"Nuestra Presidenta recibe a transportistas de carga de Nuevo Laredo - Desarrollo Siglo XXI\" \/>\n\t\t<meta property=\"og:description\" content=\"Nuestra Presidenta recibi\u00f3 al Ing. Pedro Lozano Mart\u00ednez, presidente de la Asociaci\u00f3n de Transportistas de Carga de Nuevo Laredo, acompa\u00f1ado por integrantes de este organismo, en un encuentro que refrend\u00f3 el compromiso de mantener una relaci\u00f3n de trabajo cercana y productiva. Durante la reuni\u00f3n se destac\u00f3 que ha sido un a\u00f1o de colaboraci\u00f3n constante, con\" \/>\n\t\t<meta property=\"og:url\" content=\"https:\/\/desarrollosiglo21.com\/index.php\/2025\/12\/15\/nuestra-presidenta-recibe-a-transportistas-de-carga-de-nuevo-laredo\/\" \/>\n\t\t<meta property=\"og:image\" content=\"https:\/\/desarrollosiglo21.com\/wp-content\/uploads\/2026\/06\/cropped-logo-4.png\" \/>\n\t\t<meta property=\"og:image:secure_url\" content=\"https:\/\/desarrollosiglo21.com\/wp-content\/uploads\/2026\/06\/cropped-logo-4.png\" \/>\n\t\t<meta property=\"article:published_time\" content=\"2025-12-15T14:14:03+00:00\" \/>\n\t\t<meta property=\"article:modified_time\" content=\"2025-12-15T14:14:03+00:00\" \/>\n\t\t<meta property=\"article:publisher\" content=\"https:\/\/facebook.com\/dsiglo21\" \/>\n\t\t<meta name=\"twitter:card\" content=\"summary_large_image\" \/>\n\t\t<meta name=\"twitter:title\" content=\"Nuestra Presidenta recibe a transportistas de carga de Nuevo Laredo - Desarrollo Siglo XXI\" \/>\n\t\t<meta name=\"twitter:description\" content=\"Nuestra Presidenta recibi\u00f3 al Ing. Pedro Lozano Mart\u00ednez, presidente de la Asociaci\u00f3n de Transportistas de Carga de Nuevo Laredo, acompa\u00f1ado por integrantes de este organismo, en un encuentro que refrend\u00f3 el compromiso de mantener una relaci\u00f3n de trabajo cercana y productiva. Durante la reuni\u00f3n se destac\u00f3 que ha sido un a\u00f1o de colaboraci\u00f3n constante, con\" \/>\n\t\t<meta name=\"twitter:image\" content=\"https:\/\/desarrollosiglo21.com\/wp-content\/uploads\/2026\/06\/cropped-logo-4.png\" \/>\n\t\t<script type=\"application\/ld+json\" class=\"aioseo-schema\">\n\t\t\t{\"@context\":\"https:\\\/\\\/schema.org\",\"@graph\":[{\"@type\":\"BlogPosting\",\"@id\":\"https:\\\/\\\/desarrollosiglo21.com\\\/index.php\\\/2025\\\/12\\\/15\\\/nuestra-presidenta-recibe-a-transportistas-de-carga-de-nuevo-laredo\\\/#blogposting\",\"name\":\"Nuestra Presidenta recibe a transportistas de carga de Nuevo Laredo - Desarrollo Siglo XXI\",\"headline\":\"Nuestra Presidenta recibe a transportistas de carga de Nuevo Laredo\",\"author\":{\"@id\":\"https:\\\/\\\/desarrollosiglo21.com\\\/index.php\\\/author\\\/minerva-oseguera\\\/#author\"},\"publisher\":{\"@id\":\"https:\\\/\\\/desarrollosiglo21.com\\\/#organization\"},\"image\":{\"@type\":\"ImageObject\",\"url\":\"https:\\\/\\\/desarrollosiglo21.com\\\/wp-content\\\/uploads\\\/2025\\\/12\\\/IMG_5112.jpeg\",\"width\":960,\"height\":641},\"datePublished\":\"2025-12-15T08:14:03-06:00\",\"dateModified\":\"2025-12-15T08:14:03-06:00\",\"inLanguage\":\"es-MX\",\"mainEntityOfPage\":{\"@id\":\"https:\\\/\\\/desarrollosiglo21.com\\\/index.php\\\/2025\\\/12\\\/15\\\/nuestra-presidenta-recibe-a-transportistas-de-carga-de-nuevo-laredo\\\/#webpage\"},\"isPartOf\":{\"@id\":\"https:\\\/\\\/desarrollosiglo21.com\\\/index.php\\\/2025\\\/12\\\/15\\\/nuestra-presidenta-recibe-a-transportistas-de-carga-de-nuevo-laredo\\\/#webpage\"},\"articleSection\":\"Locales\"},{\"@type\":\"BreadcrumbList\",\"@id\":\"https:\\\/\\\/desarrollosiglo21.com\\\/index.php\\\/2025\\\/12\\\/15\\\/nuestra-presidenta-recibe-a-transportistas-de-carga-de-nuevo-laredo\\\/#breadcrumblist\",\"itemListElement\":[{\"@type\":\"ListItem\",\"@id\":\"https:\\\/\\\/desarrollosiglo21.com#listItem\",\"position\":1,\"name\":\"Inicio\",\"item\":\"https:\\\/\\\/desarrollosiglo21.com\",\"nextItem\":{\"@type\":\"ListItem\",\"@id\":\"https:\\\/\\\/desarrollosiglo21.com\\\/index.php\\\/category\\\/locales\\\/#listItem\",\"name\":\"Locales\"}},{\"@type\":\"ListItem\",\"@id\":\"https:\\\/\\\/desarrollosiglo21.com\\\/index.php\\\/category\\\/locales\\\/#listItem\",\"position\":2,\"name\":\"Locales\",\"item\":\"https:\\\/\\\/desarrollosiglo21.com\\\/index.php\\\/category\\\/locales\\\/\",\"nextItem\":{\"@type\":\"ListItem\",\"@id\":\"https:\\\/\\\/desarrollosiglo21.com\\\/index.php\\\/2025\\\/12\\\/15\\\/nuestra-presidenta-recibe-a-transportistas-de-carga-de-nuevo-laredo\\\/#listItem\",\"name\":\"Nuestra Presidenta recibe a transportistas de carga de Nuevo Laredo\"},\"previousItem\":{\"@type\":\"ListItem\",\"@id\":\"https:\\\/\\\/desarrollosiglo21.com#listItem\",\"name\":\"Inicio\"}},{\"@type\":\"ListItem\",\"@id\":\"https:\\\/\\\/desarrollosiglo21.com\\\/index.php\\\/2025\\\/12\\\/15\\\/nuestra-presidenta-recibe-a-transportistas-de-carga-de-nuevo-laredo\\\/#listItem\",\"position\":3,\"name\":\"Nuestra Presidenta recibe a transportistas de carga de Nuevo Laredo\",\"previousItem\":{\"@type\":\"ListItem\",\"@id\":\"https:\\\/\\\/desarrollosiglo21.com\\\/index.php\\\/category\\\/locales\\\/#listItem\",\"name\":\"Locales\"}}]},{\"@type\":\"Organization\",\"@id\":\"https:\\\/\\\/desarrollosiglo21.com\\\/#organization\",\"name\":\"Desarrollo Siglo XXI\",\"description\":\"Revista Digital de Informaci\\u00f3n y Negocios en Comercio Exterior\",\"url\":\"https:\\\/\\\/desarrollosiglo21.com\\\/\",\"logo\":{\"@type\":\"ImageObject\",\"url\":\"https:\\\/\\\/desarrollosiglo21.com\\\/wp-content\\\/uploads\\\/2026\\\/06\\\/cropped-logo-4.png\",\"@id\":\"https:\\\/\\\/desarrollosiglo21.com\\\/index.php\\\/2025\\\/12\\\/15\\\/nuestra-presidenta-recibe-a-transportistas-de-carga-de-nuevo-laredo\\\/#organizationLogo\",\"width\":750,\"height\":287},\"image\":{\"@id\":\"https:\\\/\\\/desarrollosiglo21.com\\\/index.php\\\/2025\\\/12\\\/15\\\/nuestra-presidenta-recibe-a-transportistas-de-carga-de-nuevo-laredo\\\/#organizationLogo\"},\"sameAs\":[\"https:\\\/\\\/facebook.com\\\/dsiglo21\",\"https:\\\/\\\/instagram.com\\\/dsigloxxi\",\"https:\\\/\\\/www.youtube.com\\\/@minervaoseguera8503\"]},{\"@type\":\"Person\",\"@id\":\"https:\\\/\\\/desarrollosiglo21.com\\\/index.php\\\/author\\\/minerva-oseguera\\\/#author\",\"url\":\"https:\\\/\\\/desarrollosiglo21.com\\\/index.php\\\/author\\\/minerva-oseguera\\\/\",\"name\":\"Minerva Oseguera\",\"image\":{\"@type\":\"ImageObject\",\"@id\":\"https:\\\/\\\/desarrollosiglo21.com\\\/index.php\\\/2025\\\/12\\\/15\\\/nuestra-presidenta-recibe-a-transportistas-de-carga-de-nuevo-laredo\\\/#authorImage\",\"url\":\"https:\\\/\\\/desarrollosiglo21.com\\\/wp-content\\\/litespeed\\\/avatar\\\/5de497389262628152d49908301e9dd4.jpg?ver=1788128803\",\"width\":96,\"height\":96,\"caption\":\"Minerva Oseguera\"}},{\"@type\":\"WebPage\",\"@id\":\"https:\\\/\\\/desarrollosiglo21.com\\\/index.php\\\/2025\\\/12\\\/15\\\/nuestra-presidenta-recibe-a-transportistas-de-carga-de-nuevo-laredo\\\/#webpage\",\"url\":\"https:\\\/\\\/desarrollosiglo21.com\\\/index.php\\\/2025\\\/12\\\/15\\\/nuestra-presidenta-recibe-a-transportistas-de-carga-de-nuevo-laredo\\\/\",\"name\":\"Nuestra Presidenta recibe a transportistas de carga de Nuevo Laredo - Desarrollo Siglo XXI\",\"description\":\"Nuestra Presidenta recibi\\u00f3 al Ing. Pedro Lozano Mart\\u00ednez, presidente de la Asociaci\\u00f3n de Transportistas de Carga de Nuevo Laredo, acompa\\u00f1ado por integrantes de este organismo, en un encuentro que refrend\\u00f3 el compromiso de mantener una relaci\\u00f3n de trabajo cercana y productiva. Durante la reuni\\u00f3n se destac\\u00f3 que ha sido un a\\u00f1o de colaboraci\\u00f3n constante, con\",\"inLanguage\":\"es-MX\",\"isPartOf\":{\"@id\":\"https:\\\/\\\/desarrollosiglo21.com\\\/#website\"},\"breadcrumb\":{\"@id\":\"https:\\\/\\\/desarrollosiglo21.com\\\/index.php\\\/2025\\\/12\\\/15\\\/nuestra-presidenta-recibe-a-transportistas-de-carga-de-nuevo-laredo\\\/#breadcrumblist\"},\"author\":{\"@id\":\"https:\\\/\\\/desarrollosiglo21.com\\\/index.php\\\/author\\\/minerva-oseguera\\\/#author\"},\"creator\":{\"@id\":\"https:\\\/\\\/desarrollosiglo21.com\\\/index.php\\\/author\\\/minerva-oseguera\\\/#author\"},\"image\":{\"@type\":\"ImageObject\",\"url\":\"https:\\\/\\\/desarrollosiglo21.com\\\/wp-content\\\/uploads\\\/2025\\\/12\\\/IMG_5112.jpeg\",\"@id\":\"https:\\\/\\\/desarrollosiglo21.com\\\/index.php\\\/2025\\\/12\\\/15\\\/nuestra-presidenta-recibe-a-transportistas-de-carga-de-nuevo-laredo\\\/#mainImage\",\"width\":960,\"height\":641},\"primaryImageOfPage\":{\"@id\":\"https:\\\/\\\/desarrollosiglo21.com\\\/index.php\\\/2025\\\/12\\\/15\\\/nuestra-presidenta-recibe-a-transportistas-de-carga-de-nuevo-laredo\\\/#mainImage\"},\"datePublished\":\"2025-12-15T08:14:03-06:00\",\"dateModified\":\"2025-12-15T08:14:03-06:00\"},{\"@type\":\"WebSite\",\"@id\":\"https:\\\/\\\/desarrollosiglo21.com\\\/#website\",\"url\":\"https:\\\/\\\/desarrollosiglo21.com\\\/\",\"name\":\"Desarrollo Siglo XXI\",\"description\":\"Revista Digital de Informaci\\u00f3n y Negocios en Comercio Exterior\",\"inLanguage\":\"es-MX\",\"publisher\":{\"@id\":\"https:\\\/\\\/desarrollosiglo21.com\\\/#organization\"}}]}\n\t\t<\/script>\n\t\t<!-- All in One SEO -->\n\n","aioseo_head_json":{"title":"Nuestra Presidenta recibe a transportistas de carga de Nuevo Laredo - Desarrollo Siglo XXI","description":"Nuestra Presidenta recibi\u00f3 al Ing. Pedro Lozano Mart\u00ednez, presidente de la Asociaci\u00f3n de Transportistas de Carga de Nuevo Laredo, acompa\u00f1ado por integrantes de este organismo, en un encuentro que refrend\u00f3 el compromiso de mantener una relaci\u00f3n de trabajo cercana y productiva. Durante la reuni\u00f3n se destac\u00f3 que ha sido un a\u00f1o de colaboraci\u00f3n constante, con","canonical_url":"https:\/\/desarrollosiglo21.com\/index.php\/2025\/12\/15\/nuestra-presidenta-recibe-a-transportistas-de-carga-de-nuevo-laredo\/","robots":"max-image-preview:large","keywords":"","webmasterTools":{"miscellaneous":""},"schema":{"@context":"https:\/\/schema.org","@graph":[{"@type":"BlogPosting","@id":"https:\/\/desarrollosiglo21.com\/index.php\/2025\/12\/15\/nuestra-presidenta-recibe-a-transportistas-de-carga-de-nuevo-laredo\/#blogposting","name":"Nuestra Presidenta recibe a transportistas de carga de Nuevo Laredo - Desarrollo Siglo XXI","headline":"Nuestra Presidenta recibe a transportistas de carga de Nuevo Laredo","author":{"@id":"https:\/\/desarrollosiglo21.com\/index.php\/author\/minerva-oseguera\/#author"},"publisher":{"@id":"https:\/\/desarrollosiglo21.com\/#organization"},"image":{"@type":"ImageObject","url":"https:\/\/desarrollosiglo21.com\/wp-content\/uploads\/2025\/12\/IMG_5112.jpeg","width":960,"height":641},"datePublished":"2025-12-15T08:14:03-06:00","dateModified":"2025-12-15T08:14:03-06:00","inLanguage":"es-MX","mainEntityOfPage":{"@id":"https:\/\/desarrollosiglo21.com\/index.php\/2025\/12\/15\/nuestra-presidenta-recibe-a-transportistas-de-carga-de-nuevo-laredo\/#webpage"},"isPartOf":{"@id":"https:\/\/desarrollosiglo21.com\/index.php\/2025\/12\/15\/nuestra-presidenta-recibe-a-transportistas-de-carga-de-nuevo-laredo\/#webpage"},"articleSection":"Locales"},{"@type":"BreadcrumbList","@id":"https:\/\/desarrollosiglo21.com\/index.php\/2025\/12\/15\/nuestra-presidenta-recibe-a-transportistas-de-carga-de-nuevo-laredo\/#breadcrumblist","itemListElement":[{"@type":"ListItem","@id":"https:\/\/desarrollosiglo21.com#listItem","position":1,"name":"Inicio","item":"https:\/\/desarrollosiglo21.com","nextItem":{"@type":"ListItem","@id":"https:\/\/desarrollosiglo21.com\/index.php\/category\/locales\/#listItem","name":"Locales"}},{"@type":"ListItem","@id":"https:\/\/desarrollosiglo21.com\/index.php\/category\/locales\/#listItem","position":2,"name":"Locales","item":"https:\/\/desarrollosiglo21.com\/index.php\/category\/locales\/","nextItem":{"@type":"ListItem","@id":"https:\/\/desarrollosiglo21.com\/index.php\/2025\/12\/15\/nuestra-presidenta-recibe-a-transportistas-de-carga-de-nuevo-laredo\/#listItem","name":"Nuestra Presidenta recibe a transportistas de carga de Nuevo Laredo"},"previousItem":{"@type":"ListItem","@id":"https:\/\/desarrollosiglo21.com#listItem","name":"Inicio"}},{"@type":"ListItem","@id":"https:\/\/desarrollosiglo21.com\/index.php\/2025\/12\/15\/nuestra-presidenta-recibe-a-transportistas-de-carga-de-nuevo-laredo\/#listItem","position":3,"name":"Nuestra Presidenta recibe a transportistas de carga de Nuevo Laredo","previousItem":{"@type":"ListItem","@id":"https:\/\/desarrollosiglo21.com\/index.php\/category\/locales\/#listItem","name":"Locales"}}]},{"@type":"Organization","@id":"https:\/\/desarrollosiglo21.com\/#organization","name":"Desarrollo Siglo XXI","description":"Revista Digital de Informaci\u00f3n y Negocios en Comercio Exterior","url":"https:\/\/desarrollosiglo21.com\/","logo":{"@type":"ImageObject","url":"https:\/\/desarrollosiglo21.com\/wp-content\/uploads\/2026\/06\/cropped-logo-4.png","@id":"https:\/\/desarrollosiglo21.com\/index.php\/2025\/12\/15\/nuestra-presidenta-recibe-a-transportistas-de-carga-de-nuevo-laredo\/#organizationLogo","width":750,"height":287},"image":{"@id":"https:\/\/desarrollosiglo21.com\/index.php\/2025\/12\/15\/nuestra-presidenta-recibe-a-transportistas-de-carga-de-nuevo-laredo\/#organizationLogo"},"sameAs":["https:\/\/facebook.com\/dsiglo21","https:\/\/instagram.com\/dsigloxxi","https:\/\/www.youtube.com\/@minervaoseguera8503"]},{"@type":"Person","@id":"https:\/\/desarrollosiglo21.com\/index.php\/author\/minerva-oseguera\/#author","url":"https:\/\/desarrollosiglo21.com\/index.php\/author\/minerva-oseguera\/","name":"Minerva Oseguera","image":{"@type":"ImageObject","@id":"https:\/\/desarrollosiglo21.com\/index.php\/2025\/12\/15\/nuestra-presidenta-recibe-a-transportistas-de-carga-de-nuevo-laredo\/#authorImage","url":"https:\/\/desarrollosiglo21.com\/wp-content\/litespeed\/avatar\/5de497389262628152d49908301e9dd4.jpg?ver=1788128803","width":96,"height":96,"caption":"Minerva Oseguera"}},{"@type":"WebPage","@id":"https:\/\/desarrollosiglo21.com\/index.php\/2025\/12\/15\/nuestra-presidenta-recibe-a-transportistas-de-carga-de-nuevo-laredo\/#webpage","url":"https:\/\/desarrollosiglo21.com\/index.php\/2025\/12\/15\/nuestra-presidenta-recibe-a-transportistas-de-carga-de-nuevo-laredo\/","name":"Nuestra Presidenta recibe a transportistas de carga de Nuevo Laredo - Desarrollo Siglo XXI","description":"Nuestra Presidenta recibi\u00f3 al Ing. Pedro Lozano Mart\u00ednez, presidente de la Asociaci\u00f3n de Transportistas de Carga de Nuevo Laredo, acompa\u00f1ado por integrantes de este organismo, en un encuentro que refrend\u00f3 el compromiso de mantener una relaci\u00f3n de trabajo cercana y productiva. Durante la reuni\u00f3n se destac\u00f3 que ha sido un a\u00f1o de colaboraci\u00f3n constante, con","inLanguage":"es-MX","isPartOf":{"@id":"https:\/\/desarrollosiglo21.com\/#website"},"breadcrumb":{"@id":"https:\/\/desarrollosiglo21.com\/index.php\/2025\/12\/15\/nuestra-presidenta-recibe-a-transportistas-de-carga-de-nuevo-laredo\/#breadcrumblist"},"author":{"@id":"https:\/\/desarrollosiglo21.com\/index.php\/author\/minerva-oseguera\/#author"},"creator":{"@id":"https:\/\/desarrollosiglo21.com\/index.php\/author\/minerva-oseguera\/#author"},"image":{"@type":"ImageObject","url":"https:\/\/desarrollosiglo21.com\/wp-content\/uploads\/2025\/12\/IMG_5112.jpeg","@id":"https:\/\/desarrollosiglo21.com\/index.php\/2025\/12\/15\/nuestra-presidenta-recibe-a-transportistas-de-carga-de-nuevo-laredo\/#mainImage","width":960,"height":641},"primaryImageOfPage":{"@id":"https:\/\/desarrollosiglo21.com\/index.php\/2025\/12\/15\/nuestra-presidenta-recibe-a-transportistas-de-carga-de-nuevo-laredo\/#mainImage"},"datePublished":"2025-12-15T08:14:03-06:00","dateModified":"2025-12-15T08:14:03-06:00"},{"@type":"WebSite","@id":"https:\/\/desarrollosiglo21.com\/#website","url":"https:\/\/desarrollosiglo21.com\/","name":"Desarrollo Siglo XXI","description":"Revista Digital de Informaci\u00f3n y Negocios en Comercio Exterior","inLanguage":"es-MX","publisher":{"@id":"https:\/\/desarrollosiglo21.com\/#organization"}}]},"og:locale":"es_MX","og:site_name":"Desarrollo Siglo XXI - Revista Digital de Informaci\u00f3n y Negocios en Comercio Exterior","og:type":"article","og:title":"Nuestra Presidenta recibe a transportistas de carga de Nuevo Laredo - Desarrollo Siglo XXI","og:description":"Nuestra Presidenta recibi\u00f3 al Ing. Pedro Lozano Mart\u00ednez, presidente de la Asociaci\u00f3n de Transportistas de Carga de Nuevo Laredo, acompa\u00f1ado por integrantes de este organismo, en un encuentro que refrend\u00f3 el compromiso de mantener una relaci\u00f3n de trabajo cercana y productiva. Durante la reuni\u00f3n se destac\u00f3 que ha sido un a\u00f1o de colaboraci\u00f3n constante, con","og:url":"https:\/\/desarrollosiglo21.com\/index.php\/2025\/12\/15\/nuestra-presidenta-recibe-a-transportistas-de-carga-de-nuevo-laredo\/","og:image":"https:\/\/desarrollosiglo21.com\/wp-content\/uploads\/2026\/06\/cropped-logo-4.png","og:image:secure_url":"https:\/\/desarrollosiglo21.com\/wp-content\/uploads\/2026\/06\/cropped-logo-4.png","article:published_time":"2025-12-15T14:14:03+00:00","article:modified_time":"2025-12-15T14:14:03+00:00","article:publisher":"https:\/\/facebook.com\/dsiglo21","twitter:card":"summary_large_image","twitter:title":"Nuestra Presidenta recibe a transportistas de carga de Nuevo Laredo - Desarrollo Siglo XXI","twitter:description":"Nuestra Presidenta recibi\u00f3 al Ing. Pedro Lozano Mart\u00ednez, presidente de la Asociaci\u00f3n de Transportistas de Carga de Nuevo Laredo, acompa\u00f1ado por integrantes de este organismo, en un encuentro que refrend\u00f3 el compromiso de mantener una relaci\u00f3n de trabajo cercana y productiva. Durante la reuni\u00f3n se destac\u00f3 que ha sido un a\u00f1o de colaboraci\u00f3n constante, con","twitter:image":"https:\/\/desarrollosiglo21.com\/wp-content\/uploads\/2026\/06\/cropped-logo-4.png"},"aioseo_meta_data":{"post_id":"5427","title":null,"description":null,"keywords":null,"keyphrases":{"focus":{"keyphrase":"","score":0,"analysis":{"keyphraseInTitle":{"score":0,"maxScore":9,"error":1}}},"additional":[]},"primary_term":null,"canonical_url":null,"og_title":null,"og_description":null,"og_object_type":"default","og_image_type":"default","og_image_url":null,"og_image_width":null,"og_image_height":null,"og_image_custom_url":null,"og_image_custom_fields":null,"og_video":"","og_custom_url":null,"og_article_section":null,"og_article_tags":null,"twitter_use_og":false,"twitter_card":"default","twitter_image_type":"default","twitter_image_url":null,"twitter_image_custom_url":null,"twitter_image_custom_fields":null,"twitter_title":null,"twitter_description":null,"schema":{"blockGraphs":[],"customGraphs":[],"default":{"data":{"Article":[],"Course":[],"Dataset":[],"FAQPage":[],"Movie":[],"Person":[],"Product":[],"ProductReview":[],"Car":[],"Recipe":[],"Service":[],"SoftwareApplication":[],"WebPage":[]},"graphName":"BlogPosting","isEnabled":true},"graphs":[]},"schema_type":"default","schema_type_options":null,"pillar_content":false,"robots_default":true,"robots_noindex":false,"robots_noarchive":false,"robots_nosnippet":false,"robots_nofollow":false,"robots_noimageindex":false,"robots_noodp":false,"robots_notranslate":false,"robots_max_snippet":"-1","robots_max_videopreview":"-1","robots_max_imagepreview":"large","priority":null,"frequency":"default","local_seo":null,"breadcrumb_settings":null,"limit_modified_date":false,"ai":{"faqs":[],"keyPoints":[],"titles":[],"descriptions":[],"socialPosts":{"email":[],"linkedin":[],"twitter":[],"facebook":[],"instagram":[]}},"created":"2025-12-15 14:14:03","updated":"2025-12-15 14:21:09","seo_analyzer_scan_date":null},"aioseo_breadcrumb":"<div class=\"aioseo-breadcrumbs\"><span class=\"aioseo-breadcrumb\">\n\t\t\t<a href=\"https:\/\/desarrollosiglo21.com\" title=\"Inicio\">Inicio<\/a>\n\t\t<\/span><span class=\"aioseo-breadcrumb-separator\">&raquo;<\/span><span class=\"aioseo-breadcrumb\">\n\t\t\t<a href=\"https:\/\/desarrollosiglo21.com\/index.php\/category\/locales\/\" title=\"Locales\">Locales<\/a>\n\t\t<\/span><span class=\"aioseo-breadcrumb-separator\">&raquo;<\/span><span class=\"aioseo-breadcrumb\">\n\t\t\tNuestra Presidenta recibe a transportistas de carga de Nuevo Laredo\n\t\t<\/span><\/div>","aioseo_breadcrumb_json":[{"label":"Inicio","link":"https:\/\/desarrollosiglo21.com"},{"label":"Locales","link":"https:\/\/desarrollosiglo21.com\/index.php\/category\/locales\/"},{"label":"Nuestra Presidenta recibe a transportistas de carga de Nuevo Laredo","link":"https:\/\/desarrollosiglo21.com\/index.php\/2025\/12\/15\/nuestra-presidenta-recibe-a-transportistas-de-carga-de-nuevo-laredo\/"}],"featured_image_urls":{"full":["https:\/\/desarrollosiglo21.com\/wp-content\/uploads\/2025\/12\/IMG_5112.jpeg",960,641,false],"thumbnail":["https:\/\/desarrollosiglo21.com\/wp-content\/uploads\/2025\/12\/IMG_5112-150x150.jpeg",150,150,true],"medium":["https:\/\/desarrollosiglo21.com\/wp-content\/uploads\/2025\/12\/IMG_5112-300x200.jpeg",300,200,true],"medium_large":["https:\/\/desarrollosiglo21.com\/wp-content\/uploads\/2025\/12\/IMG_5112-768x513.jpeg",640,428,true],"large":["https:\/\/desarrollosiglo21.com\/wp-content\/uploads\/2025\/12\/IMG_5112.jpeg",640,427,false],"1536x1536":["https:\/\/desarrollosiglo21.com\/wp-content\/uploads\/2025\/12\/IMG_5112.jpeg",960,641,false],"2048x2048":["https:\/\/desarrollosiglo21.com\/wp-content\/uploads\/2025\/12\/IMG_5112.jpeg",960,641,false],"darknews-slider-full":["https:\/\/desarrollosiglo21.com\/wp-content\/uploads\/2025\/12\/IMG_5112.jpeg",960,641,false],"darknews-featured":["https:\/\/desarrollosiglo21.com\/wp-content\/uploads\/2025\/12\/IMG_5112.jpeg",960,641,false],"darknews-medium":["https:\/\/desarrollosiglo21.com\/wp-content\/uploads\/2025\/12\/IMG_5112-720x530.jpeg",720,530,true],"darknews-medium-square":["https:\/\/desarrollosiglo21.com\/wp-content\/uploads\/2025\/12\/IMG_5112-350x350.jpeg",350,350,true]},"author_info":{"info":["Minerva Oseguera"]},"category_info":"<a href=\"https:\/\/desarrollosiglo21.com\/index.php\/category\/locales\/\" rel=\"category tag\">Locales<\/a>","tag_info":"Locales","comment_count":0,"_links":{"self":[{"href":"https:\/\/desarrollosiglo21.com\/index.php\/wp-json\/wp\/v2\/posts\/5427","targetHints":{"allow":["GET"]}}],"collection":[{"href":"https:\/\/desarrollosiglo21.com\/index.php\/wp-json\/wp\/v2\/posts"}],"about":[{"href":"https:\/\/desarrollosiglo21.com\/index.php\/wp-json\/wp\/v2\/types\/post"}],"author":[{"embeddable":true,"href":"https:\/\/desarrollosiglo21.com\/index.php\/wp-json\/wp\/v2\/users\/2"}],"replies":[{"embeddable":true,"href":"https:\/\/desarrollosiglo21.com\/index.php\/wp-json\/wp\/v2\/comments?post=5427"}],"version-history":[{"count":1,"href":"https:\/\/desarrollosiglo21.com\/index.php\/wp-json\/wp\/v2\/posts\/5427\/revisions"}],"predecessor-version":[{"id":5429,"href":"https:\/\/desarrollosiglo21.com\/index.php\/wp-json\/wp\/v2\/posts\/5427\/revisions\/5429"}],"wp:featuredmedia":[{"embeddable":true,"href":"https:\/\/desarrollosiglo21.com\/index.php\/wp-json\/wp\/v2\/media\/5428"}],"wp:attachment":[{"href":"https:\/\/desarrollosiglo21.com\/index.php\/wp-json\/wp\/v2\/media?parent=5427"}],"wp:term":[{"taxonomy":"category","embeddable":true,"href":"https:\/\/desarrollosiglo21.com\/index.php\/wp-json\/wp\/v2\/categories?post=5427"},{"taxonomy":"post_tag","embeddable":true,"href":"https:\/\/desarrollosiglo21.com\/index.php\/wp-json\/wp\/v2\/tags?post=5427"}],"curies":[{"name":"wp","href":"https:\/\/api.w.org\/{rel}","templated":true}]}}