{"id":5021,"date":"2025-11-05T08:20:00","date_gmt":"2025-11-05T14:20:00","guid":{"rendered":"https:\/\/desarrollosiglo21.com\/?p=5021"},"modified":"2025-11-05T08:20:00","modified_gmt":"2025-11-05T14:20:00","slug":"impulsan-participacion-juvenil-para-construir-la-paz-en-tamaulipas","status":"publish","type":"post","link":"https:\/\/desarrollosiglo21.com\/index.php\/2025\/11\/05\/impulsan-participacion-juvenil-para-construir-la-paz-en-tamaulipas\/","title":{"rendered":"Impulsan participaci\u00f3n juvenil para construir la paz en Tamaulipas"},"content":{"rendered":"<p>Durante la Mesa de Coordinaci\u00f3n para la Construcci\u00f3n de la Paz en Tamaulipas, se revisaron proyectos que promueven la participaci\u00f3n activa de los j\u00f3venes en los municipios, junto al secretario del Trabajo, Gerardo Illoldi Reyes, y el director del Injuve Tamaulipas, \u00d3scar Azael Rodr\u00edguez Perales.<\/p>\n<p>Estas acciones buscan fortalecer el tejido social, fomentar la convivencia y reducir conductas de riesgo, mediante actividades como reforestaciones, murales, caminatas por la paz y rodadas en bicicleta, que motivan a la juventud a ser agentes de cambio en sus comunidades. \ud83d\udeb4\u200d\u2642\ufe0f\ud83c\udf33\ud83c\udfa8<\/p>\n","protected":false},"excerpt":{"rendered":"<p>Durante la Mesa de Coordinaci\u00f3n para la Construcci\u00f3n de la<\/p>\n","protected":false},"author":2,"featured_media":5022,"comment_status":"open","ping_status":"open","sticky":false,"template":"","format":"standard","meta":{"footnotes":""},"categories":[5],"tags":[],"class_list":["post-5021","post","type-post","status-publish","format-standard","has-post-thumbnail","hentry","category-estado"],"aioseo_notices":[],"aioseo_head":"\n\t\t<!-- All in One SEO 4.9.10 - aioseo.com -->\n\t<meta name=\"description\" content=\"Durante la Mesa de Coordinaci\u00f3n para la Construcci\u00f3n de la Paz en Tamaulipas, se revisaron proyectos que promueven la participaci\u00f3n activa de los j\u00f3venes en los municipios, junto al secretario del Trabajo, Gerardo Illoldi Reyes, y el director del Injuve Tamaulipas, \u00d3scar Azael Rodr\u00edguez Perales. Estas acciones buscan fortalecer el tejido social, fomentar la convivencia\" \/>\n\t<meta name=\"robots\" content=\"max-image-preview:large\" \/>\n\t<meta name=\"author\" content=\"Minerva Oseguera\"\/>\n\t<link rel=\"canonical\" href=\"https:\/\/desarrollosiglo21.com\/index.php\/2025\/11\/05\/impulsan-participacion-juvenil-para-construir-la-paz-en-tamaulipas\/\" \/>\n\t<meta name=\"generator\" content=\"All in One SEO (AIOSEO) 4.9.10\" \/>\n\t\t<meta property=\"og:locale\" content=\"es_MX\" \/>\n\t\t<meta property=\"og:site_name\" content=\"Desarrollo Siglo XXI - Revista Digital de Informaci\u00f3n y Negocios en Comercio Exterior\" \/>\n\t\t<meta property=\"og:type\" content=\"article\" \/>\n\t\t<meta property=\"og:title\" content=\"Impulsan participaci\u00f3n juvenil para construir la paz en Tamaulipas - Desarrollo Siglo XXI\" \/>\n\t\t<meta property=\"og:description\" content=\"Durante la Mesa de Coordinaci\u00f3n para la Construcci\u00f3n de la Paz en Tamaulipas, se revisaron proyectos que promueven la participaci\u00f3n activa de los j\u00f3venes en los municipios, junto al secretario del Trabajo, Gerardo Illoldi Reyes, y el director del Injuve Tamaulipas, \u00d3scar Azael Rodr\u00edguez Perales. Estas acciones buscan fortalecer el tejido social, fomentar la convivencia\" \/>\n\t\t<meta property=\"og:url\" content=\"https:\/\/desarrollosiglo21.com\/index.php\/2025\/11\/05\/impulsan-participacion-juvenil-para-construir-la-paz-en-tamaulipas\/\" \/>\n\t\t<meta property=\"og:image\" content=\"https:\/\/desarrollosiglo21.com\/wp-content\/uploads\/2026\/06\/cropped-logo-4.png\" \/>\n\t\t<meta property=\"og:image:secure_url\" content=\"https:\/\/desarrollosiglo21.com\/wp-content\/uploads\/2026\/06\/cropped-logo-4.png\" \/>\n\t\t<meta property=\"article:published_time\" content=\"2025-11-05T14:20:00+00:00\" \/>\n\t\t<meta property=\"article:modified_time\" content=\"2025-11-05T14:20:00+00:00\" \/>\n\t\t<meta property=\"article:publisher\" content=\"https:\/\/facebook.com\/dsiglo21\" \/>\n\t\t<meta name=\"twitter:card\" content=\"summary_large_image\" \/>\n\t\t<meta name=\"twitter:title\" content=\"Impulsan participaci\u00f3n juvenil para construir la paz en Tamaulipas - Desarrollo Siglo XXI\" \/>\n\t\t<meta name=\"twitter:description\" content=\"Durante la Mesa de Coordinaci\u00f3n para la Construcci\u00f3n de la Paz en Tamaulipas, se revisaron proyectos que promueven la participaci\u00f3n activa de los j\u00f3venes en los municipios, junto al secretario del Trabajo, Gerardo Illoldi Reyes, y el director del Injuve Tamaulipas, \u00d3scar Azael Rodr\u00edguez Perales. Estas acciones buscan fortalecer el tejido social, fomentar la convivencia\" \/>\n\t\t<meta name=\"twitter:image\" content=\"https:\/\/desarrollosiglo21.com\/wp-content\/uploads\/2026\/06\/cropped-logo-4.png\" \/>\n\t\t<script type=\"application\/ld+json\" class=\"aioseo-schema\">\n\t\t\t{\"@context\":\"https:\\\/\\\/schema.org\",\"@graph\":[{\"@type\":\"BlogPosting\",\"@id\":\"https:\\\/\\\/desarrollosiglo21.com\\\/index.php\\\/2025\\\/11\\\/05\\\/impulsan-participacion-juvenil-para-construir-la-paz-en-tamaulipas\\\/#blogposting\",\"name\":\"Impulsan participaci\\u00f3n juvenil para construir la paz en Tamaulipas - Desarrollo Siglo XXI\",\"headline\":\"Impulsan participaci\\u00f3n juvenil para construir la paz en Tamaulipas\",\"author\":{\"@id\":\"https:\\\/\\\/desarrollosiglo21.com\\\/index.php\\\/author\\\/minerva-oseguera\\\/#author\"},\"publisher\":{\"@id\":\"https:\\\/\\\/desarrollosiglo21.com\\\/#organization\"},\"image\":{\"@type\":\"ImageObject\",\"url\":\"https:\\\/\\\/desarrollosiglo21.com\\\/wp-content\\\/uploads\\\/2025\\\/11\\\/IMG_3178.jpeg\",\"width\":960,\"height\":640},\"datePublished\":\"2025-11-05T08:20:00-06:00\",\"dateModified\":\"2025-11-05T08:20:00-06:00\",\"inLanguage\":\"es-MX\",\"mainEntityOfPage\":{\"@id\":\"https:\\\/\\\/desarrollosiglo21.com\\\/index.php\\\/2025\\\/11\\\/05\\\/impulsan-participacion-juvenil-para-construir-la-paz-en-tamaulipas\\\/#webpage\"},\"isPartOf\":{\"@id\":\"https:\\\/\\\/desarrollosiglo21.com\\\/index.php\\\/2025\\\/11\\\/05\\\/impulsan-participacion-juvenil-para-construir-la-paz-en-tamaulipas\\\/#webpage\"},\"articleSection\":\"Estado\"},{\"@type\":\"BreadcrumbList\",\"@id\":\"https:\\\/\\\/desarrollosiglo21.com\\\/index.php\\\/2025\\\/11\\\/05\\\/impulsan-participacion-juvenil-para-construir-la-paz-en-tamaulipas\\\/#breadcrumblist\",\"itemListElement\":[{\"@type\":\"ListItem\",\"@id\":\"https:\\\/\\\/desarrollosiglo21.com#listItem\",\"position\":1,\"name\":\"Inicio\",\"item\":\"https:\\\/\\\/desarrollosiglo21.com\",\"nextItem\":{\"@type\":\"ListItem\",\"@id\":\"https:\\\/\\\/desarrollosiglo21.com\\\/index.php\\\/category\\\/estado\\\/#listItem\",\"name\":\"Estado\"}},{\"@type\":\"ListItem\",\"@id\":\"https:\\\/\\\/desarrollosiglo21.com\\\/index.php\\\/category\\\/estado\\\/#listItem\",\"position\":2,\"name\":\"Estado\",\"item\":\"https:\\\/\\\/desarrollosiglo21.com\\\/index.php\\\/category\\\/estado\\\/\",\"nextItem\":{\"@type\":\"ListItem\",\"@id\":\"https:\\\/\\\/desarrollosiglo21.com\\\/index.php\\\/2025\\\/11\\\/05\\\/impulsan-participacion-juvenil-para-construir-la-paz-en-tamaulipas\\\/#listItem\",\"name\":\"Impulsan participaci\\u00f3n juvenil para construir la paz en Tamaulipas\"},\"previousItem\":{\"@type\":\"ListItem\",\"@id\":\"https:\\\/\\\/desarrollosiglo21.com#listItem\",\"name\":\"Inicio\"}},{\"@type\":\"ListItem\",\"@id\":\"https:\\\/\\\/desarrollosiglo21.com\\\/index.php\\\/2025\\\/11\\\/05\\\/impulsan-participacion-juvenil-para-construir-la-paz-en-tamaulipas\\\/#listItem\",\"position\":3,\"name\":\"Impulsan participaci\\u00f3n juvenil para construir la paz en Tamaulipas\",\"previousItem\":{\"@type\":\"ListItem\",\"@id\":\"https:\\\/\\\/desarrollosiglo21.com\\\/index.php\\\/category\\\/estado\\\/#listItem\",\"name\":\"Estado\"}}]},{\"@type\":\"Organization\",\"@id\":\"https:\\\/\\\/desarrollosiglo21.com\\\/#organization\",\"name\":\"Desarrollo Siglo XXI\",\"description\":\"Revista Digital de Informaci\\u00f3n y Negocios en Comercio Exterior\",\"url\":\"https:\\\/\\\/desarrollosiglo21.com\\\/\",\"logo\":{\"@type\":\"ImageObject\",\"url\":\"https:\\\/\\\/desarrollosiglo21.com\\\/wp-content\\\/uploads\\\/2026\\\/06\\\/cropped-logo-4.png\",\"@id\":\"https:\\\/\\\/desarrollosiglo21.com\\\/index.php\\\/2025\\\/11\\\/05\\\/impulsan-participacion-juvenil-para-construir-la-paz-en-tamaulipas\\\/#organizationLogo\",\"width\":750,\"height\":287},\"image\":{\"@id\":\"https:\\\/\\\/desarrollosiglo21.com\\\/index.php\\\/2025\\\/11\\\/05\\\/impulsan-participacion-juvenil-para-construir-la-paz-en-tamaulipas\\\/#organizationLogo\"},\"sameAs\":[\"https:\\\/\\\/facebook.com\\\/dsiglo21\",\"https:\\\/\\\/instagram.com\\\/dsigloxxi\",\"https:\\\/\\\/www.youtube.com\\\/@minervaoseguera8503\"]},{\"@type\":\"Person\",\"@id\":\"https:\\\/\\\/desarrollosiglo21.com\\\/index.php\\\/author\\\/minerva-oseguera\\\/#author\",\"url\":\"https:\\\/\\\/desarrollosiglo21.com\\\/index.php\\\/author\\\/minerva-oseguera\\\/\",\"name\":\"Minerva Oseguera\",\"image\":{\"@type\":\"ImageObject\",\"@id\":\"https:\\\/\\\/desarrollosiglo21.com\\\/index.php\\\/2025\\\/11\\\/05\\\/impulsan-participacion-juvenil-para-construir-la-paz-en-tamaulipas\\\/#authorImage\",\"url\":\"https:\\\/\\\/desarrollosiglo21.com\\\/wp-content\\\/litespeed\\\/avatar\\\/5de497389262628152d49908301e9dd4.jpg?ver=1788128803\",\"width\":96,\"height\":96,\"caption\":\"Minerva Oseguera\"}},{\"@type\":\"WebPage\",\"@id\":\"https:\\\/\\\/desarrollosiglo21.com\\\/index.php\\\/2025\\\/11\\\/05\\\/impulsan-participacion-juvenil-para-construir-la-paz-en-tamaulipas\\\/#webpage\",\"url\":\"https:\\\/\\\/desarrollosiglo21.com\\\/index.php\\\/2025\\\/11\\\/05\\\/impulsan-participacion-juvenil-para-construir-la-paz-en-tamaulipas\\\/\",\"name\":\"Impulsan participaci\\u00f3n juvenil para construir la paz en Tamaulipas - Desarrollo Siglo XXI\",\"description\":\"Durante la Mesa de Coordinaci\\u00f3n para la Construcci\\u00f3n de la Paz en Tamaulipas, se revisaron proyectos que promueven la participaci\\u00f3n activa de los j\\u00f3venes en los municipios, junto al secretario del Trabajo, Gerardo Illoldi Reyes, y el director del Injuve Tamaulipas, \\u00d3scar Azael Rodr\\u00edguez Perales. Estas acciones buscan fortalecer el tejido social, fomentar la convivencia\",\"inLanguage\":\"es-MX\",\"isPartOf\":{\"@id\":\"https:\\\/\\\/desarrollosiglo21.com\\\/#website\"},\"breadcrumb\":{\"@id\":\"https:\\\/\\\/desarrollosiglo21.com\\\/index.php\\\/2025\\\/11\\\/05\\\/impulsan-participacion-juvenil-para-construir-la-paz-en-tamaulipas\\\/#breadcrumblist\"},\"author\":{\"@id\":\"https:\\\/\\\/desarrollosiglo21.com\\\/index.php\\\/author\\\/minerva-oseguera\\\/#author\"},\"creator\":{\"@id\":\"https:\\\/\\\/desarrollosiglo21.com\\\/index.php\\\/author\\\/minerva-oseguera\\\/#author\"},\"image\":{\"@type\":\"ImageObject\",\"url\":\"https:\\\/\\\/desarrollosiglo21.com\\\/wp-content\\\/uploads\\\/2025\\\/11\\\/IMG_3178.jpeg\",\"@id\":\"https:\\\/\\\/desarrollosiglo21.com\\\/index.php\\\/2025\\\/11\\\/05\\\/impulsan-participacion-juvenil-para-construir-la-paz-en-tamaulipas\\\/#mainImage\",\"width\":960,\"height\":640},\"primaryImageOfPage\":{\"@id\":\"https:\\\/\\\/desarrollosiglo21.com\\\/index.php\\\/2025\\\/11\\\/05\\\/impulsan-participacion-juvenil-para-construir-la-paz-en-tamaulipas\\\/#mainImage\"},\"datePublished\":\"2025-11-05T08:20:00-06:00\",\"dateModified\":\"2025-11-05T08:20:00-06:00\"},{\"@type\":\"WebSite\",\"@id\":\"https:\\\/\\\/desarrollosiglo21.com\\\/#website\",\"url\":\"https:\\\/\\\/desarrollosiglo21.com\\\/\",\"name\":\"Desarrollo Siglo XXI\",\"description\":\"Revista Digital de Informaci\\u00f3n y Negocios en Comercio Exterior\",\"inLanguage\":\"es-MX\",\"publisher\":{\"@id\":\"https:\\\/\\\/desarrollosiglo21.com\\\/#organization\"}}]}\n\t\t<\/script>\n\t\t<!-- All in One SEO -->\n\n","aioseo_head_json":{"title":"Impulsan participaci\u00f3n juvenil para construir la paz en Tamaulipas - Desarrollo Siglo XXI","description":"Durante la Mesa de Coordinaci\u00f3n para la Construcci\u00f3n de la Paz en Tamaulipas, se revisaron proyectos que promueven la participaci\u00f3n activa de los j\u00f3venes en los municipios, junto al secretario del Trabajo, Gerardo Illoldi Reyes, y el director del Injuve Tamaulipas, \u00d3scar Azael Rodr\u00edguez Perales. Estas acciones buscan fortalecer el tejido social, fomentar la convivencia","canonical_url":"https:\/\/desarrollosiglo21.com\/index.php\/2025\/11\/05\/impulsan-participacion-juvenil-para-construir-la-paz-en-tamaulipas\/","robots":"max-image-preview:large","keywords":"","webmasterTools":{"miscellaneous":""},"schema":{"@context":"https:\/\/schema.org","@graph":[{"@type":"BlogPosting","@id":"https:\/\/desarrollosiglo21.com\/index.php\/2025\/11\/05\/impulsan-participacion-juvenil-para-construir-la-paz-en-tamaulipas\/#blogposting","name":"Impulsan participaci\u00f3n juvenil para construir la paz en Tamaulipas - Desarrollo Siglo XXI","headline":"Impulsan participaci\u00f3n juvenil para construir la paz en Tamaulipas","author":{"@id":"https:\/\/desarrollosiglo21.com\/index.php\/author\/minerva-oseguera\/#author"},"publisher":{"@id":"https:\/\/desarrollosiglo21.com\/#organization"},"image":{"@type":"ImageObject","url":"https:\/\/desarrollosiglo21.com\/wp-content\/uploads\/2025\/11\/IMG_3178.jpeg","width":960,"height":640},"datePublished":"2025-11-05T08:20:00-06:00","dateModified":"2025-11-05T08:20:00-06:00","inLanguage":"es-MX","mainEntityOfPage":{"@id":"https:\/\/desarrollosiglo21.com\/index.php\/2025\/11\/05\/impulsan-participacion-juvenil-para-construir-la-paz-en-tamaulipas\/#webpage"},"isPartOf":{"@id":"https:\/\/desarrollosiglo21.com\/index.php\/2025\/11\/05\/impulsan-participacion-juvenil-para-construir-la-paz-en-tamaulipas\/#webpage"},"articleSection":"Estado"},{"@type":"BreadcrumbList","@id":"https:\/\/desarrollosiglo21.com\/index.php\/2025\/11\/05\/impulsan-participacion-juvenil-para-construir-la-paz-en-tamaulipas\/#breadcrumblist","itemListElement":[{"@type":"ListItem","@id":"https:\/\/desarrollosiglo21.com#listItem","position":1,"name":"Inicio","item":"https:\/\/desarrollosiglo21.com","nextItem":{"@type":"ListItem","@id":"https:\/\/desarrollosiglo21.com\/index.php\/category\/estado\/#listItem","name":"Estado"}},{"@type":"ListItem","@id":"https:\/\/desarrollosiglo21.com\/index.php\/category\/estado\/#listItem","position":2,"name":"Estado","item":"https:\/\/desarrollosiglo21.com\/index.php\/category\/estado\/","nextItem":{"@type":"ListItem","@id":"https:\/\/desarrollosiglo21.com\/index.php\/2025\/11\/05\/impulsan-participacion-juvenil-para-construir-la-paz-en-tamaulipas\/#listItem","name":"Impulsan participaci\u00f3n juvenil para construir la paz en Tamaulipas"},"previousItem":{"@type":"ListItem","@id":"https:\/\/desarrollosiglo21.com#listItem","name":"Inicio"}},{"@type":"ListItem","@id":"https:\/\/desarrollosiglo21.com\/index.php\/2025\/11\/05\/impulsan-participacion-juvenil-para-construir-la-paz-en-tamaulipas\/#listItem","position":3,"name":"Impulsan participaci\u00f3n juvenil para construir la paz en Tamaulipas","previousItem":{"@type":"ListItem","@id":"https:\/\/desarrollosiglo21.com\/index.php\/category\/estado\/#listItem","name":"Estado"}}]},{"@type":"Organization","@id":"https:\/\/desarrollosiglo21.com\/#organization","name":"Desarrollo Siglo XXI","description":"Revista Digital de Informaci\u00f3n y Negocios en Comercio Exterior","url":"https:\/\/desarrollosiglo21.com\/","logo":{"@type":"ImageObject","url":"https:\/\/desarrollosiglo21.com\/wp-content\/uploads\/2026\/06\/cropped-logo-4.png","@id":"https:\/\/desarrollosiglo21.com\/index.php\/2025\/11\/05\/impulsan-participacion-juvenil-para-construir-la-paz-en-tamaulipas\/#organizationLogo","width":750,"height":287},"image":{"@id":"https:\/\/desarrollosiglo21.com\/index.php\/2025\/11\/05\/impulsan-participacion-juvenil-para-construir-la-paz-en-tamaulipas\/#organizationLogo"},"sameAs":["https:\/\/facebook.com\/dsiglo21","https:\/\/instagram.com\/dsigloxxi","https:\/\/www.youtube.com\/@minervaoseguera8503"]},{"@type":"Person","@id":"https:\/\/desarrollosiglo21.com\/index.php\/author\/minerva-oseguera\/#author","url":"https:\/\/desarrollosiglo21.com\/index.php\/author\/minerva-oseguera\/","name":"Minerva Oseguera","image":{"@type":"ImageObject","@id":"https:\/\/desarrollosiglo21.com\/index.php\/2025\/11\/05\/impulsan-participacion-juvenil-para-construir-la-paz-en-tamaulipas\/#authorImage","url":"https:\/\/desarrollosiglo21.com\/wp-content\/litespeed\/avatar\/5de497389262628152d49908301e9dd4.jpg?ver=1788128803","width":96,"height":96,"caption":"Minerva Oseguera"}},{"@type":"WebPage","@id":"https:\/\/desarrollosiglo21.com\/index.php\/2025\/11\/05\/impulsan-participacion-juvenil-para-construir-la-paz-en-tamaulipas\/#webpage","url":"https:\/\/desarrollosiglo21.com\/index.php\/2025\/11\/05\/impulsan-participacion-juvenil-para-construir-la-paz-en-tamaulipas\/","name":"Impulsan participaci\u00f3n juvenil para construir la paz en Tamaulipas - Desarrollo Siglo XXI","description":"Durante la Mesa de Coordinaci\u00f3n para la Construcci\u00f3n de la Paz en Tamaulipas, se revisaron proyectos que promueven la participaci\u00f3n activa de los j\u00f3venes en los municipios, junto al secretario del Trabajo, Gerardo Illoldi Reyes, y el director del Injuve Tamaulipas, \u00d3scar Azael Rodr\u00edguez Perales. Estas acciones buscan fortalecer el tejido social, fomentar la convivencia","inLanguage":"es-MX","isPartOf":{"@id":"https:\/\/desarrollosiglo21.com\/#website"},"breadcrumb":{"@id":"https:\/\/desarrollosiglo21.com\/index.php\/2025\/11\/05\/impulsan-participacion-juvenil-para-construir-la-paz-en-tamaulipas\/#breadcrumblist"},"author":{"@id":"https:\/\/desarrollosiglo21.com\/index.php\/author\/minerva-oseguera\/#author"},"creator":{"@id":"https:\/\/desarrollosiglo21.com\/index.php\/author\/minerva-oseguera\/#author"},"image":{"@type":"ImageObject","url":"https:\/\/desarrollosiglo21.com\/wp-content\/uploads\/2025\/11\/IMG_3178.jpeg","@id":"https:\/\/desarrollosiglo21.com\/index.php\/2025\/11\/05\/impulsan-participacion-juvenil-para-construir-la-paz-en-tamaulipas\/#mainImage","width":960,"height":640},"primaryImageOfPage":{"@id":"https:\/\/desarrollosiglo21.com\/index.php\/2025\/11\/05\/impulsan-participacion-juvenil-para-construir-la-paz-en-tamaulipas\/#mainImage"},"datePublished":"2025-11-05T08:20:00-06:00","dateModified":"2025-11-05T08:20:00-06:00"},{"@type":"WebSite","@id":"https:\/\/desarrollosiglo21.com\/#website","url":"https:\/\/desarrollosiglo21.com\/","name":"Desarrollo Siglo XXI","description":"Revista Digital de Informaci\u00f3n y Negocios en Comercio Exterior","inLanguage":"es-MX","publisher":{"@id":"https:\/\/desarrollosiglo21.com\/#organization"}}]},"og:locale":"es_MX","og:site_name":"Desarrollo Siglo XXI - Revista Digital de Informaci\u00f3n y Negocios en Comercio Exterior","og:type":"article","og:title":"Impulsan participaci\u00f3n juvenil para construir la paz en Tamaulipas - Desarrollo Siglo XXI","og:description":"Durante la Mesa de Coordinaci\u00f3n para la Construcci\u00f3n de la Paz en Tamaulipas, se revisaron proyectos que promueven la participaci\u00f3n activa de los j\u00f3venes en los municipios, junto al secretario del Trabajo, Gerardo Illoldi Reyes, y el director del Injuve Tamaulipas, \u00d3scar Azael Rodr\u00edguez Perales. Estas acciones buscan fortalecer el tejido social, fomentar la convivencia","og:url":"https:\/\/desarrollosiglo21.com\/index.php\/2025\/11\/05\/impulsan-participacion-juvenil-para-construir-la-paz-en-tamaulipas\/","og:image":"https:\/\/desarrollosiglo21.com\/wp-content\/uploads\/2026\/06\/cropped-logo-4.png","og:image:secure_url":"https:\/\/desarrollosiglo21.com\/wp-content\/uploads\/2026\/06\/cropped-logo-4.png","article:published_time":"2025-11-05T14:20:00+00:00","article:modified_time":"2025-11-05T14:20:00+00:00","article:publisher":"https:\/\/facebook.com\/dsiglo21","twitter:card":"summary_large_image","twitter:title":"Impulsan participaci\u00f3n juvenil para construir la paz en Tamaulipas - Desarrollo Siglo XXI","twitter:description":"Durante la Mesa de Coordinaci\u00f3n para la Construcci\u00f3n de la Paz en Tamaulipas, se revisaron proyectos que promueven la participaci\u00f3n activa de los j\u00f3venes en los municipios, junto al secretario del Trabajo, Gerardo Illoldi Reyes, y el director del Injuve Tamaulipas, \u00d3scar Azael Rodr\u00edguez Perales. Estas acciones buscan fortalecer el tejido social, fomentar la convivencia","twitter:image":"https:\/\/desarrollosiglo21.com\/wp-content\/uploads\/2026\/06\/cropped-logo-4.png"},"aioseo_meta_data":{"post_id":"5021","title":null,"description":null,"keywords":null,"keyphrases":{"focus":{"keyphrase":"","score":0,"analysis":{"keyphraseInTitle":{"score":0,"maxScore":9,"error":1}}},"additional":[]},"primary_term":null,"canonical_url":null,"og_title":null,"og_description":null,"og_object_type":"default","og_image_type":"default","og_image_url":null,"og_image_width":null,"og_image_height":null,"og_image_custom_url":null,"og_image_custom_fields":null,"og_video":"","og_custom_url":null,"og_article_section":null,"og_article_tags":null,"twitter_use_og":false,"twitter_card":"default","twitter_image_type":"default","twitter_image_url":null,"twitter_image_custom_url":null,"twitter_image_custom_fields":null,"twitter_title":null,"twitter_description":null,"schema":{"blockGraphs":[],"customGraphs":[],"default":{"data":{"Article":[],"Course":[],"Dataset":[],"FAQPage":[],"Movie":[],"Person":[],"Product":[],"ProductReview":[],"Car":[],"Recipe":[],"Service":[],"SoftwareApplication":[],"WebPage":[]},"graphName":"BlogPosting","isEnabled":true},"graphs":[]},"schema_type":"default","schema_type_options":null,"pillar_content":false,"robots_default":true,"robots_noindex":false,"robots_noarchive":false,"robots_nosnippet":false,"robots_nofollow":false,"robots_noimageindex":false,"robots_noodp":false,"robots_notranslate":false,"robots_max_snippet":"-1","robots_max_videopreview":"-1","robots_max_imagepreview":"large","priority":null,"frequency":"default","local_seo":null,"breadcrumb_settings":null,"limit_modified_date":false,"ai":{"faqs":[],"keyPoints":[],"titles":[],"descriptions":[],"socialPosts":{"email":[],"linkedin":[],"twitter":[],"facebook":[],"instagram":[]}},"created":"2025-11-05 14:20:00","updated":"2025-11-05 14:21:03","seo_analyzer_scan_date":null},"aioseo_breadcrumb":"<div class=\"aioseo-breadcrumbs\"><span class=\"aioseo-breadcrumb\">\n\t\t\t<a href=\"https:\/\/desarrollosiglo21.com\" title=\"Inicio\">Inicio<\/a>\n\t\t<\/span><span class=\"aioseo-breadcrumb-separator\">&raquo;<\/span><span class=\"aioseo-breadcrumb\">\n\t\t\t<a href=\"https:\/\/desarrollosiglo21.com\/index.php\/category\/estado\/\" title=\"Estado\">Estado<\/a>\n\t\t<\/span><span class=\"aioseo-breadcrumb-separator\">&raquo;<\/span><span class=\"aioseo-breadcrumb\">\n\t\t\tImpulsan participaci\u00f3n juvenil para construir la paz en Tamaulipas\n\t\t<\/span><\/div>","aioseo_breadcrumb_json":[{"label":"Inicio","link":"https:\/\/desarrollosiglo21.com"},{"label":"Estado","link":"https:\/\/desarrollosiglo21.com\/index.php\/category\/estado\/"},{"label":"Impulsan participaci\u00f3n juvenil para construir la paz en Tamaulipas","link":"https:\/\/desarrollosiglo21.com\/index.php\/2025\/11\/05\/impulsan-participacion-juvenil-para-construir-la-paz-en-tamaulipas\/"}],"featured_image_urls":{"full":["https:\/\/desarrollosiglo21.com\/wp-content\/uploads\/2025\/11\/IMG_3178.jpeg",960,640,false],"thumbnail":["https:\/\/desarrollosiglo21.com\/wp-content\/uploads\/2025\/11\/IMG_3178-150x150.jpeg",150,150,true],"medium":["https:\/\/desarrollosiglo21.com\/wp-content\/uploads\/2025\/11\/IMG_3178-300x200.jpeg",300,200,true],"medium_large":["https:\/\/desarrollosiglo21.com\/wp-content\/uploads\/2025\/11\/IMG_3178-768x512.jpeg",640,427,true],"large":["https:\/\/desarrollosiglo21.com\/wp-content\/uploads\/2025\/11\/IMG_3178.jpeg",640,427,false],"1536x1536":["https:\/\/desarrollosiglo21.com\/wp-content\/uploads\/2025\/11\/IMG_3178.jpeg",960,640,false],"2048x2048":["https:\/\/desarrollosiglo21.com\/wp-content\/uploads\/2025\/11\/IMG_3178.jpeg",960,640,false],"darknews-slider-full":["https:\/\/desarrollosiglo21.com\/wp-content\/uploads\/2025\/11\/IMG_3178.jpeg",960,640,false],"darknews-featured":["https:\/\/desarrollosiglo21.com\/wp-content\/uploads\/2025\/11\/IMG_3178.jpeg",960,640,false],"darknews-medium":["https:\/\/desarrollosiglo21.com\/wp-content\/uploads\/2025\/11\/IMG_3178-720x530.jpeg",720,530,true],"darknews-medium-square":["https:\/\/desarrollosiglo21.com\/wp-content\/uploads\/2025\/11\/IMG_3178-350x350.jpeg",350,350,true]},"author_info":{"info":["Minerva Oseguera"]},"category_info":"<a href=\"https:\/\/desarrollosiglo21.com\/index.php\/category\/estado\/\" rel=\"category tag\">Estado<\/a>","tag_info":"Estado","comment_count":0,"_links":{"self":[{"href":"https:\/\/desarrollosiglo21.com\/index.php\/wp-json\/wp\/v2\/posts\/5021","targetHints":{"allow":["GET"]}}],"collection":[{"href":"https:\/\/desarrollosiglo21.com\/index.php\/wp-json\/wp\/v2\/posts"}],"about":[{"href":"https:\/\/desarrollosiglo21.com\/index.php\/wp-json\/wp\/v2\/types\/post"}],"author":[{"embeddable":true,"href":"https:\/\/desarrollosiglo21.com\/index.php\/wp-json\/wp\/v2\/users\/2"}],"replies":[{"embeddable":true,"href":"https:\/\/desarrollosiglo21.com\/index.php\/wp-json\/wp\/v2\/comments?post=5021"}],"version-history":[{"count":1,"href":"https:\/\/desarrollosiglo21.com\/index.php\/wp-json\/wp\/v2\/posts\/5021\/revisions"}],"predecessor-version":[{"id":5023,"href":"https:\/\/desarrollosiglo21.com\/index.php\/wp-json\/wp\/v2\/posts\/5021\/revisions\/5023"}],"wp:featuredmedia":[{"embeddable":true,"href":"https:\/\/desarrollosiglo21.com\/index.php\/wp-json\/wp\/v2\/media\/5022"}],"wp:attachment":[{"href":"https:\/\/desarrollosiglo21.com\/index.php\/wp-json\/wp\/v2\/media?parent=5021"}],"wp:term":[{"taxonomy":"category","embeddable":true,"href":"https:\/\/desarrollosiglo21.com\/index.php\/wp-json\/wp\/v2\/categories?post=5021"},{"taxonomy":"post_tag","embeddable":true,"href":"https:\/\/desarrollosiglo21.com\/index.php\/wp-json\/wp\/v2\/tags?post=5021"}],"curies":[{"name":"wp","href":"https:\/\/api.w.org\/{rel}","templated":true}]}}