{"id":4005,"date":"2025-05-30T07:54:55","date_gmt":"2025-05-30T13:54:55","guid":{"rendered":"https:\/\/desarrollosiglo21.com\/?p=4005"},"modified":"2025-05-30T07:54:55","modified_gmt":"2025-05-30T13:54:55","slug":"brigada-contacto-joven-del-imjuve-llega-a-la-secundaria-tecnica-95-en-villas-de-san-miguel","status":"publish","type":"post","link":"https:\/\/desarrollosiglo21.com\/index.php\/2025\/05\/30\/brigada-contacto-joven-del-imjuve-llega-a-la-secundaria-tecnica-95-en-villas-de-san-miguel\/","title":{"rendered":"BRIGADA \u201cCONTACTO JOVEN\u201d DEL IMJUVE LLEGA A LA SECUNDARIA T\u00c9CNICA 95 EN VILLAS DE SAN MIGUEL"},"content":{"rendered":"<article class=\"text-token-text-primary w-full sm:AIPRM__conversation__response\" dir=\"auto\" data-testid=\"conversation-turn-94\" data-scroll-anchor=\"true\">\n<div class=\"text-base my-auto mx-auto py-5 [--thread-content-margin:--spacing(4)] @[37rem]:[--thread-content-margin:--spacing(6)] @[72rem]:[--thread-content-margin:--spacing(16)] px-(--thread-content-margin)\">\n<div class=\"[--thread-content-max-width:32rem] @[34rem]:[--thread-content-max-width:40rem] @[64rem]:[--thread-content-max-width:48rem] mx-auto flex max-w-(--thread-content-max-width) flex-1 text-base gap-4 md:gap-5 lg:gap-6 group\/turn-messages focus-visible:outline-hidden\" tabindex=\"-1\">\n<div class=\"group\/conversation-turn relative flex w-full min-w-0 flex-col agent-turn\">\n<div class=\"relative flex-col gap-1 md:gap-3\">\n<div class=\"flex max-w-full flex-col grow\">\n<div class=\"min-h-8 text-message relative flex w-full flex-col items-end gap-2 text-start break-words whitespace-normal [.text-message+&amp;]:mt-5 AIPRM__conversation__response\" dir=\"auto\" data-message-author-role=\"assistant\" data-message-id=\"625b3b0f-7d53-4201-b505-5cd4a92e2371\" data-message-model-slug=\"gpt-4o\">\n<div class=\"flex w-full flex-col gap-1 empty:hidden first:pt-[3px]\">\n<div class=\"markdown prose dark:prose-invert w-full break-words light\">\n<p data-start=\"0\" data-end=\"96\">\n<p data-start=\"98\" data-end=\"430\">Como parte de las acciones que impulsa el Gobierno Municipal para fortalecer el v\u00ednculo con la comunidad estudiantil, el Instituto Municipal para la Juventud de Nuevo Laredo (IMJUVE) llev\u00f3 a cabo una jornada de su programa <strong data-start=\"321\" data-end=\"349\">\u201cBrigada Contacto Joven\u201d<\/strong> en la <strong data-start=\"356\" data-end=\"385\">Secundaria T\u00e9cnica No. 95<\/strong>, ubicada en la colonia Villas de San Miguel.<\/p>\n<p data-start=\"432\" data-end=\"673\">El director del IMJUVE, <strong data-start=\"456\" data-end=\"484\">Jes\u00fas Espinoza Hern\u00e1ndez<\/strong>, destac\u00f3 que este tipo de brigadas buscan <strong data-start=\"527\" data-end=\"607\">acercar los servicios y programas del gobierno municipal a las y los j\u00f3venes<\/strong>, mediante un enfoque integral que atienda sus necesidades reales.<\/p>\n<blockquote data-start=\"675\" data-end=\"925\">\n<p data-start=\"677\" data-end=\"925\">\u201cBuscamos que no existan limitantes entre las dependencias de gobierno y la juventud. Queremos que esta brigada sea una herramienta cercana y \u00fatil para los estudiantes, que les brinde orientaci\u00f3n, apoyo y oportunidades\u201d, expres\u00f3 Espinoza Hern\u00e1ndez.<\/p>\n<\/blockquote>\n<p data-start=\"927\" data-end=\"1195\">Durante la actividad se ofrecieron <strong data-start=\"962\" data-end=\"1117\">talleres, asesor\u00edas, orientaci\u00f3n en temas de salud mental, prevenci\u00f3n de adicciones, desarrollo personal, as\u00ed como actividades recreativas y culturales<\/strong>, generando un ambiente de participaci\u00f3n activa y confianza entre los j\u00f3venes.<\/p>\n<p data-start=\"1197\" data-end=\"1420\">La <strong data-start=\"1200\" data-end=\"1226\">Brigada Contacto Joven<\/strong> se consolida como un espacio de <strong data-start=\"1259\" data-end=\"1289\">escucha y atenci\u00f3n directa<\/strong>, que permite detectar inquietudes, canalizar apoyos y construir una red de acompa\u00f1amiento desde el \u00e1mbito educativo y comunitario.<\/p>\n<p data-start=\"1422\" data-end=\"1608\" data-is-last-node=\"\" data-is-only-node=\"\">Con este programa, el Gobierno Municipal reafirma su compromiso con el desarrollo integral de las juventudes neolaredenses, promoviendo entornos m\u00e1s seguros, informados y participativos.<\/p>\n<\/div>\n<\/div>\n<\/div>\n<\/div>\n<div class=\"flex justify-start\">\n<div class=\"touch:-me-2 touch:-ms-3.5 -ms-2.5 -me-1 flex items-center p-1 select-none -mt-1 duration-[1.5s] focus-within:transition-none hover:transition-none pointer-events-none [mask-image:linear-gradient(to_right,black_33%,transparent_66%)] [mask-size:300%_100%] [mask-position:100%_0%] motion-safe:transition-[mask-position] group-hover\/turn-messages:pointer-events-auto group-hover\/turn-messages:[mask-position:0_0] group-focus-within\/turn-messages:pointer-events-auto group-focus-within\/turn-messages:[mask-position:0_0] has-data-[state=open]:pointer-events-auto has-data-[state=open]:[mask-position:0_0]\"><button class=\"text-token-text-secondary hover:bg-token-main-surface-secondary rounded-lg\" aria-label=\"Copiar\" data-testid=\"copy-turn-action-button\"><\/button><button class=\"text-token-text-secondary hover:bg-token-main-surface-secondary rounded-lg\" aria-label=\"Buena respuesta\" data-testid=\"good-response-turn-action-button\"><\/button><button class=\"text-token-text-secondary hover:bg-token-main-surface-secondary rounded-lg\" aria-label=\"Respuesta deficiente\" data-testid=\"bad-response-turn-action-button\"><\/button><button class=\"text-token-text-secondary hover:bg-token-main-surface-secondary rounded-lg\" aria-label=\"Leer en voz alta\" data-testid=\"voice-play-turn-action-button\"><\/button><button class=\"text-token-text-secondary hover:bg-token-main-surface-secondary rounded-lg\" aria-label=\"Editar en un lienzo\"><\/button><\/p>\n<div class=\"flex items-center pb-0\"><span class=\"overflow-hidden text-sm text-clip whitespace-nowrap\">4o<\/span><\/div>\n<\/div>\n<\/div>\n<div class=\"mt-3 w-full empty:hidden\">\n<div class=\"text-center\"><\/div>\n<\/div>\n<\/div>\n<div class=\"absolute\">\n<div class=\"flex items-center justify-center\"><\/div>\n<\/div>\n<\/div>\n<\/div>\n<\/div>\n<\/article>\n<div class=\"pointer-events-none h-px w-px\" aria-hidden=\"true\" data-edge=\"true\"><\/div>\n","protected":false},"excerpt":{"rendered":"<p>Como parte de las acciones que impulsa el Gobierno Municipal<\/p>\n","protected":false},"author":2,"featured_media":4006,"comment_status":"open","ping_status":"open","sticky":false,"template":"","format":"standard","meta":{"footnotes":""},"categories":[4],"tags":[],"class_list":["post-4005","post","type-post","status-publish","format-standard","has-post-thumbnail","hentry","category-locales"],"aioseo_notices":[],"aioseo_head":"\n\t\t<!-- All in One SEO 4.9.10 - aioseo.com -->\n\t<meta name=\"description\" content=\"Como parte de las acciones que impulsa el Gobierno Municipal para fortalecer el v\u00ednculo con la comunidad estudiantil, el Instituto Municipal para la Juventud de Nuevo Laredo (IMJUVE) llev\u00f3 a cabo una jornada de su programa \u201cBrigada Contacto Joven\u201d en la Secundaria T\u00e9cnica No. 95, ubicada en la colonia Villas de San Miguel. El director\" \/>\n\t<meta name=\"robots\" content=\"max-image-preview:large\" \/>\n\t<meta name=\"author\" content=\"Minerva Oseguera\"\/>\n\t<link rel=\"canonical\" href=\"https:\/\/desarrollosiglo21.com\/index.php\/2025\/05\/30\/brigada-contacto-joven-del-imjuve-llega-a-la-secundaria-tecnica-95-en-villas-de-san-miguel\/\" \/>\n\t<meta name=\"generator\" content=\"All in One SEO (AIOSEO) 4.9.10\" \/>\n\t\t<meta property=\"og:locale\" content=\"es_MX\" \/>\n\t\t<meta property=\"og:site_name\" content=\"Desarrollo Siglo XXI - Revista Digital de Informaci\u00f3n y Negocios en Comercio Exterior\" \/>\n\t\t<meta property=\"og:type\" content=\"article\" \/>\n\t\t<meta property=\"og:title\" content=\"BRIGADA \u201cCONTACTO JOVEN\u201d DEL IMJUVE LLEGA A LA SECUNDARIA T\u00c9CNICA 95 EN VILLAS DE SAN MIGUEL - Desarrollo Siglo XXI\" \/>\n\t\t<meta property=\"og:description\" content=\"Como parte de las acciones que impulsa el Gobierno Municipal para fortalecer el v\u00ednculo con la comunidad estudiantil, el Instituto Municipal para la Juventud de Nuevo Laredo (IMJUVE) llev\u00f3 a cabo una jornada de su programa \u201cBrigada Contacto Joven\u201d en la Secundaria T\u00e9cnica No. 95, ubicada en la colonia Villas de San Miguel. El director\" \/>\n\t\t<meta property=\"og:url\" content=\"https:\/\/desarrollosiglo21.com\/index.php\/2025\/05\/30\/brigada-contacto-joven-del-imjuve-llega-a-la-secundaria-tecnica-95-en-villas-de-san-miguel\/\" \/>\n\t\t<meta property=\"og:image\" content=\"https:\/\/desarrollosiglo21.com\/wp-content\/uploads\/2026\/06\/cropped-logo-4.png\" \/>\n\t\t<meta property=\"og:image:secure_url\" content=\"https:\/\/desarrollosiglo21.com\/wp-content\/uploads\/2026\/06\/cropped-logo-4.png\" \/>\n\t\t<meta property=\"article:published_time\" content=\"2025-05-30T13:54:55+00:00\" \/>\n\t\t<meta property=\"article:modified_time\" content=\"2025-05-30T13:54:55+00:00\" \/>\n\t\t<meta property=\"article:publisher\" content=\"https:\/\/facebook.com\/dsiglo21\" \/>\n\t\t<meta name=\"twitter:card\" content=\"summary_large_image\" \/>\n\t\t<meta name=\"twitter:title\" content=\"BRIGADA \u201cCONTACTO JOVEN\u201d DEL IMJUVE LLEGA A LA SECUNDARIA T\u00c9CNICA 95 EN VILLAS DE SAN MIGUEL - Desarrollo Siglo XXI\" \/>\n\t\t<meta name=\"twitter:description\" content=\"Como parte de las acciones que impulsa el Gobierno Municipal para fortalecer el v\u00ednculo con la comunidad estudiantil, el Instituto Municipal para la Juventud de Nuevo Laredo (IMJUVE) llev\u00f3 a cabo una jornada de su programa \u201cBrigada Contacto Joven\u201d en la Secundaria T\u00e9cnica No. 95, ubicada en la colonia Villas de San Miguel. El director\" \/>\n\t\t<meta name=\"twitter:image\" content=\"https:\/\/desarrollosiglo21.com\/wp-content\/uploads\/2026\/06\/cropped-logo-4.png\" \/>\n\t\t<script type=\"application\/ld+json\" class=\"aioseo-schema\">\n\t\t\t{\"@context\":\"https:\\\/\\\/schema.org\",\"@graph\":[{\"@type\":\"BlogPosting\",\"@id\":\"https:\\\/\\\/desarrollosiglo21.com\\\/index.php\\\/2025\\\/05\\\/30\\\/brigada-contacto-joven-del-imjuve-llega-a-la-secundaria-tecnica-95-en-villas-de-san-miguel\\\/#blogposting\",\"name\":\"BRIGADA \\u201cCONTACTO JOVEN\\u201d DEL IMJUVE LLEGA A LA SECUNDARIA T\\u00c9CNICA 95 EN VILLAS DE SAN MIGUEL - Desarrollo Siglo XXI\",\"headline\":\"BRIGADA \\u201cCONTACTO JOVEN\\u201d DEL IMJUVE LLEGA A LA SECUNDARIA T\\u00c9CNICA 95 EN VILLAS DE SAN MIGUEL\",\"author\":{\"@id\":\"https:\\\/\\\/desarrollosiglo21.com\\\/index.php\\\/author\\\/minerva-oseguera\\\/#author\"},\"publisher\":{\"@id\":\"https:\\\/\\\/desarrollosiglo21.com\\\/#organization\"},\"image\":{\"@type\":\"ImageObject\",\"url\":\"https:\\\/\\\/desarrollosiglo21.com\\\/wp-content\\\/uploads\\\/2025\\\/05\\\/BRIGADA-JOVEN-2.jpeg\",\"width\":1600,\"height\":970},\"datePublished\":\"2025-05-30T07:54:55-06:00\",\"dateModified\":\"2025-05-30T07:54:55-06:00\",\"inLanguage\":\"es-MX\",\"mainEntityOfPage\":{\"@id\":\"https:\\\/\\\/desarrollosiglo21.com\\\/index.php\\\/2025\\\/05\\\/30\\\/brigada-contacto-joven-del-imjuve-llega-a-la-secundaria-tecnica-95-en-villas-de-san-miguel\\\/#webpage\"},\"isPartOf\":{\"@id\":\"https:\\\/\\\/desarrollosiglo21.com\\\/index.php\\\/2025\\\/05\\\/30\\\/brigada-contacto-joven-del-imjuve-llega-a-la-secundaria-tecnica-95-en-villas-de-san-miguel\\\/#webpage\"},\"articleSection\":\"Locales\"},{\"@type\":\"BreadcrumbList\",\"@id\":\"https:\\\/\\\/desarrollosiglo21.com\\\/index.php\\\/2025\\\/05\\\/30\\\/brigada-contacto-joven-del-imjuve-llega-a-la-secundaria-tecnica-95-en-villas-de-san-miguel\\\/#breadcrumblist\",\"itemListElement\":[{\"@type\":\"ListItem\",\"@id\":\"https:\\\/\\\/desarrollosiglo21.com#listItem\",\"position\":1,\"name\":\"Inicio\",\"item\":\"https:\\\/\\\/desarrollosiglo21.com\",\"nextItem\":{\"@type\":\"ListItem\",\"@id\":\"https:\\\/\\\/desarrollosiglo21.com\\\/index.php\\\/category\\\/locales\\\/#listItem\",\"name\":\"Locales\"}},{\"@type\":\"ListItem\",\"@id\":\"https:\\\/\\\/desarrollosiglo21.com\\\/index.php\\\/category\\\/locales\\\/#listItem\",\"position\":2,\"name\":\"Locales\",\"item\":\"https:\\\/\\\/desarrollosiglo21.com\\\/index.php\\\/category\\\/locales\\\/\",\"nextItem\":{\"@type\":\"ListItem\",\"@id\":\"https:\\\/\\\/desarrollosiglo21.com\\\/index.php\\\/2025\\\/05\\\/30\\\/brigada-contacto-joven-del-imjuve-llega-a-la-secundaria-tecnica-95-en-villas-de-san-miguel\\\/#listItem\",\"name\":\"BRIGADA \\u201cCONTACTO JOVEN\\u201d DEL IMJUVE LLEGA A LA SECUNDARIA T\\u00c9CNICA 95 EN VILLAS DE SAN MIGUEL\"},\"previousItem\":{\"@type\":\"ListItem\",\"@id\":\"https:\\\/\\\/desarrollosiglo21.com#listItem\",\"name\":\"Inicio\"}},{\"@type\":\"ListItem\",\"@id\":\"https:\\\/\\\/desarrollosiglo21.com\\\/index.php\\\/2025\\\/05\\\/30\\\/brigada-contacto-joven-del-imjuve-llega-a-la-secundaria-tecnica-95-en-villas-de-san-miguel\\\/#listItem\",\"position\":3,\"name\":\"BRIGADA \\u201cCONTACTO JOVEN\\u201d DEL IMJUVE LLEGA A LA SECUNDARIA T\\u00c9CNICA 95 EN VILLAS DE SAN MIGUEL\",\"previousItem\":{\"@type\":\"ListItem\",\"@id\":\"https:\\\/\\\/desarrollosiglo21.com\\\/index.php\\\/category\\\/locales\\\/#listItem\",\"name\":\"Locales\"}}]},{\"@type\":\"Organization\",\"@id\":\"https:\\\/\\\/desarrollosiglo21.com\\\/#organization\",\"name\":\"Desarrollo Siglo XXI\",\"description\":\"Revista Digital de Informaci\\u00f3n y Negocios en Comercio Exterior\",\"url\":\"https:\\\/\\\/desarrollosiglo21.com\\\/\",\"logo\":{\"@type\":\"ImageObject\",\"url\":\"https:\\\/\\\/desarrollosiglo21.com\\\/wp-content\\\/uploads\\\/2026\\\/06\\\/cropped-logo-4.png\",\"@id\":\"https:\\\/\\\/desarrollosiglo21.com\\\/index.php\\\/2025\\\/05\\\/30\\\/brigada-contacto-joven-del-imjuve-llega-a-la-secundaria-tecnica-95-en-villas-de-san-miguel\\\/#organizationLogo\",\"width\":750,\"height\":287},\"image\":{\"@id\":\"https:\\\/\\\/desarrollosiglo21.com\\\/index.php\\\/2025\\\/05\\\/30\\\/brigada-contacto-joven-del-imjuve-llega-a-la-secundaria-tecnica-95-en-villas-de-san-miguel\\\/#organizationLogo\"},\"sameAs\":[\"https:\\\/\\\/facebook.com\\\/dsiglo21\",\"https:\\\/\\\/instagram.com\\\/dsigloxxi\",\"https:\\\/\\\/www.youtube.com\\\/@minervaoseguera8503\"]},{\"@type\":\"Person\",\"@id\":\"https:\\\/\\\/desarrollosiglo21.com\\\/index.php\\\/author\\\/minerva-oseguera\\\/#author\",\"url\":\"https:\\\/\\\/desarrollosiglo21.com\\\/index.php\\\/author\\\/minerva-oseguera\\\/\",\"name\":\"Minerva Oseguera\",\"image\":{\"@type\":\"ImageObject\",\"@id\":\"https:\\\/\\\/desarrollosiglo21.com\\\/index.php\\\/2025\\\/05\\\/30\\\/brigada-contacto-joven-del-imjuve-llega-a-la-secundaria-tecnica-95-en-villas-de-san-miguel\\\/#authorImage\",\"url\":\"https:\\\/\\\/desarrollosiglo21.com\\\/wp-content\\\/litespeed\\\/avatar\\\/5de497389262628152d49908301e9dd4.jpg?ver=1788128803\",\"width\":96,\"height\":96,\"caption\":\"Minerva Oseguera\"}},{\"@type\":\"WebPage\",\"@id\":\"https:\\\/\\\/desarrollosiglo21.com\\\/index.php\\\/2025\\\/05\\\/30\\\/brigada-contacto-joven-del-imjuve-llega-a-la-secundaria-tecnica-95-en-villas-de-san-miguel\\\/#webpage\",\"url\":\"https:\\\/\\\/desarrollosiglo21.com\\\/index.php\\\/2025\\\/05\\\/30\\\/brigada-contacto-joven-del-imjuve-llega-a-la-secundaria-tecnica-95-en-villas-de-san-miguel\\\/\",\"name\":\"BRIGADA \\u201cCONTACTO JOVEN\\u201d DEL IMJUVE LLEGA A LA SECUNDARIA T\\u00c9CNICA 95 EN VILLAS DE SAN MIGUEL - Desarrollo Siglo XXI\",\"description\":\"Como parte de las acciones que impulsa el Gobierno Municipal para fortalecer el v\\u00ednculo con la comunidad estudiantil, el Instituto Municipal para la Juventud de Nuevo Laredo (IMJUVE) llev\\u00f3 a cabo una jornada de su programa \\u201cBrigada Contacto Joven\\u201d en la Secundaria T\\u00e9cnica No. 95, ubicada en la colonia Villas de San Miguel. El director\",\"inLanguage\":\"es-MX\",\"isPartOf\":{\"@id\":\"https:\\\/\\\/desarrollosiglo21.com\\\/#website\"},\"breadcrumb\":{\"@id\":\"https:\\\/\\\/desarrollosiglo21.com\\\/index.php\\\/2025\\\/05\\\/30\\\/brigada-contacto-joven-del-imjuve-llega-a-la-secundaria-tecnica-95-en-villas-de-san-miguel\\\/#breadcrumblist\"},\"author\":{\"@id\":\"https:\\\/\\\/desarrollosiglo21.com\\\/index.php\\\/author\\\/minerva-oseguera\\\/#author\"},\"creator\":{\"@id\":\"https:\\\/\\\/desarrollosiglo21.com\\\/index.php\\\/author\\\/minerva-oseguera\\\/#author\"},\"image\":{\"@type\":\"ImageObject\",\"url\":\"https:\\\/\\\/desarrollosiglo21.com\\\/wp-content\\\/uploads\\\/2025\\\/05\\\/BRIGADA-JOVEN-2.jpeg\",\"@id\":\"https:\\\/\\\/desarrollosiglo21.com\\\/index.php\\\/2025\\\/05\\\/30\\\/brigada-contacto-joven-del-imjuve-llega-a-la-secundaria-tecnica-95-en-villas-de-san-miguel\\\/#mainImage\",\"width\":1600,\"height\":970},\"primaryImageOfPage\":{\"@id\":\"https:\\\/\\\/desarrollosiglo21.com\\\/index.php\\\/2025\\\/05\\\/30\\\/brigada-contacto-joven-del-imjuve-llega-a-la-secundaria-tecnica-95-en-villas-de-san-miguel\\\/#mainImage\"},\"datePublished\":\"2025-05-30T07:54:55-06:00\",\"dateModified\":\"2025-05-30T07:54:55-06:00\"},{\"@type\":\"WebSite\",\"@id\":\"https:\\\/\\\/desarrollosiglo21.com\\\/#website\",\"url\":\"https:\\\/\\\/desarrollosiglo21.com\\\/\",\"name\":\"Desarrollo Siglo XXI\",\"description\":\"Revista Digital de Informaci\\u00f3n y Negocios en Comercio Exterior\",\"inLanguage\":\"es-MX\",\"publisher\":{\"@id\":\"https:\\\/\\\/desarrollosiglo21.com\\\/#organization\"}}]}\n\t\t<\/script>\n\t\t<!-- All in One SEO -->\n\n","aioseo_head_json":{"title":"BRIGADA \u201cCONTACTO JOVEN\u201d DEL IMJUVE LLEGA A LA SECUNDARIA T\u00c9CNICA 95 EN VILLAS DE SAN MIGUEL - Desarrollo Siglo XXI","description":"Como parte de las acciones que impulsa el Gobierno Municipal para fortalecer el v\u00ednculo con la comunidad estudiantil, el Instituto Municipal para la Juventud de Nuevo Laredo (IMJUVE) llev\u00f3 a cabo una jornada de su programa \u201cBrigada Contacto Joven\u201d en la Secundaria T\u00e9cnica No. 95, ubicada en la colonia Villas de San Miguel. El director","canonical_url":"https:\/\/desarrollosiglo21.com\/index.php\/2025\/05\/30\/brigada-contacto-joven-del-imjuve-llega-a-la-secundaria-tecnica-95-en-villas-de-san-miguel\/","robots":"max-image-preview:large","keywords":"","webmasterTools":{"miscellaneous":""},"schema":{"@context":"https:\/\/schema.org","@graph":[{"@type":"BlogPosting","@id":"https:\/\/desarrollosiglo21.com\/index.php\/2025\/05\/30\/brigada-contacto-joven-del-imjuve-llega-a-la-secundaria-tecnica-95-en-villas-de-san-miguel\/#blogposting","name":"BRIGADA \u201cCONTACTO JOVEN\u201d DEL IMJUVE LLEGA A LA SECUNDARIA T\u00c9CNICA 95 EN VILLAS DE SAN MIGUEL - Desarrollo Siglo XXI","headline":"BRIGADA \u201cCONTACTO JOVEN\u201d DEL IMJUVE LLEGA A LA SECUNDARIA T\u00c9CNICA 95 EN VILLAS DE SAN MIGUEL","author":{"@id":"https:\/\/desarrollosiglo21.com\/index.php\/author\/minerva-oseguera\/#author"},"publisher":{"@id":"https:\/\/desarrollosiglo21.com\/#organization"},"image":{"@type":"ImageObject","url":"https:\/\/desarrollosiglo21.com\/wp-content\/uploads\/2025\/05\/BRIGADA-JOVEN-2.jpeg","width":1600,"height":970},"datePublished":"2025-05-30T07:54:55-06:00","dateModified":"2025-05-30T07:54:55-06:00","inLanguage":"es-MX","mainEntityOfPage":{"@id":"https:\/\/desarrollosiglo21.com\/index.php\/2025\/05\/30\/brigada-contacto-joven-del-imjuve-llega-a-la-secundaria-tecnica-95-en-villas-de-san-miguel\/#webpage"},"isPartOf":{"@id":"https:\/\/desarrollosiglo21.com\/index.php\/2025\/05\/30\/brigada-contacto-joven-del-imjuve-llega-a-la-secundaria-tecnica-95-en-villas-de-san-miguel\/#webpage"},"articleSection":"Locales"},{"@type":"BreadcrumbList","@id":"https:\/\/desarrollosiglo21.com\/index.php\/2025\/05\/30\/brigada-contacto-joven-del-imjuve-llega-a-la-secundaria-tecnica-95-en-villas-de-san-miguel\/#breadcrumblist","itemListElement":[{"@type":"ListItem","@id":"https:\/\/desarrollosiglo21.com#listItem","position":1,"name":"Inicio","item":"https:\/\/desarrollosiglo21.com","nextItem":{"@type":"ListItem","@id":"https:\/\/desarrollosiglo21.com\/index.php\/category\/locales\/#listItem","name":"Locales"}},{"@type":"ListItem","@id":"https:\/\/desarrollosiglo21.com\/index.php\/category\/locales\/#listItem","position":2,"name":"Locales","item":"https:\/\/desarrollosiglo21.com\/index.php\/category\/locales\/","nextItem":{"@type":"ListItem","@id":"https:\/\/desarrollosiglo21.com\/index.php\/2025\/05\/30\/brigada-contacto-joven-del-imjuve-llega-a-la-secundaria-tecnica-95-en-villas-de-san-miguel\/#listItem","name":"BRIGADA \u201cCONTACTO JOVEN\u201d DEL IMJUVE LLEGA A LA SECUNDARIA T\u00c9CNICA 95 EN VILLAS DE SAN MIGUEL"},"previousItem":{"@type":"ListItem","@id":"https:\/\/desarrollosiglo21.com#listItem","name":"Inicio"}},{"@type":"ListItem","@id":"https:\/\/desarrollosiglo21.com\/index.php\/2025\/05\/30\/brigada-contacto-joven-del-imjuve-llega-a-la-secundaria-tecnica-95-en-villas-de-san-miguel\/#listItem","position":3,"name":"BRIGADA \u201cCONTACTO JOVEN\u201d DEL IMJUVE LLEGA A LA SECUNDARIA T\u00c9CNICA 95 EN VILLAS DE SAN MIGUEL","previousItem":{"@type":"ListItem","@id":"https:\/\/desarrollosiglo21.com\/index.php\/category\/locales\/#listItem","name":"Locales"}}]},{"@type":"Organization","@id":"https:\/\/desarrollosiglo21.com\/#organization","name":"Desarrollo Siglo XXI","description":"Revista Digital de Informaci\u00f3n y Negocios en Comercio Exterior","url":"https:\/\/desarrollosiglo21.com\/","logo":{"@type":"ImageObject","url":"https:\/\/desarrollosiglo21.com\/wp-content\/uploads\/2026\/06\/cropped-logo-4.png","@id":"https:\/\/desarrollosiglo21.com\/index.php\/2025\/05\/30\/brigada-contacto-joven-del-imjuve-llega-a-la-secundaria-tecnica-95-en-villas-de-san-miguel\/#organizationLogo","width":750,"height":287},"image":{"@id":"https:\/\/desarrollosiglo21.com\/index.php\/2025\/05\/30\/brigada-contacto-joven-del-imjuve-llega-a-la-secundaria-tecnica-95-en-villas-de-san-miguel\/#organizationLogo"},"sameAs":["https:\/\/facebook.com\/dsiglo21","https:\/\/instagram.com\/dsigloxxi","https:\/\/www.youtube.com\/@minervaoseguera8503"]},{"@type":"Person","@id":"https:\/\/desarrollosiglo21.com\/index.php\/author\/minerva-oseguera\/#author","url":"https:\/\/desarrollosiglo21.com\/index.php\/author\/minerva-oseguera\/","name":"Minerva Oseguera","image":{"@type":"ImageObject","@id":"https:\/\/desarrollosiglo21.com\/index.php\/2025\/05\/30\/brigada-contacto-joven-del-imjuve-llega-a-la-secundaria-tecnica-95-en-villas-de-san-miguel\/#authorImage","url":"https:\/\/desarrollosiglo21.com\/wp-content\/litespeed\/avatar\/5de497389262628152d49908301e9dd4.jpg?ver=1788128803","width":96,"height":96,"caption":"Minerva Oseguera"}},{"@type":"WebPage","@id":"https:\/\/desarrollosiglo21.com\/index.php\/2025\/05\/30\/brigada-contacto-joven-del-imjuve-llega-a-la-secundaria-tecnica-95-en-villas-de-san-miguel\/#webpage","url":"https:\/\/desarrollosiglo21.com\/index.php\/2025\/05\/30\/brigada-contacto-joven-del-imjuve-llega-a-la-secundaria-tecnica-95-en-villas-de-san-miguel\/","name":"BRIGADA \u201cCONTACTO JOVEN\u201d DEL IMJUVE LLEGA A LA SECUNDARIA T\u00c9CNICA 95 EN VILLAS DE SAN MIGUEL - Desarrollo Siglo XXI","description":"Como parte de las acciones que impulsa el Gobierno Municipal para fortalecer el v\u00ednculo con la comunidad estudiantil, el Instituto Municipal para la Juventud de Nuevo Laredo (IMJUVE) llev\u00f3 a cabo una jornada de su programa \u201cBrigada Contacto Joven\u201d en la Secundaria T\u00e9cnica No. 95, ubicada en la colonia Villas de San Miguel. El director","inLanguage":"es-MX","isPartOf":{"@id":"https:\/\/desarrollosiglo21.com\/#website"},"breadcrumb":{"@id":"https:\/\/desarrollosiglo21.com\/index.php\/2025\/05\/30\/brigada-contacto-joven-del-imjuve-llega-a-la-secundaria-tecnica-95-en-villas-de-san-miguel\/#breadcrumblist"},"author":{"@id":"https:\/\/desarrollosiglo21.com\/index.php\/author\/minerva-oseguera\/#author"},"creator":{"@id":"https:\/\/desarrollosiglo21.com\/index.php\/author\/minerva-oseguera\/#author"},"image":{"@type":"ImageObject","url":"https:\/\/desarrollosiglo21.com\/wp-content\/uploads\/2025\/05\/BRIGADA-JOVEN-2.jpeg","@id":"https:\/\/desarrollosiglo21.com\/index.php\/2025\/05\/30\/brigada-contacto-joven-del-imjuve-llega-a-la-secundaria-tecnica-95-en-villas-de-san-miguel\/#mainImage","width":1600,"height":970},"primaryImageOfPage":{"@id":"https:\/\/desarrollosiglo21.com\/index.php\/2025\/05\/30\/brigada-contacto-joven-del-imjuve-llega-a-la-secundaria-tecnica-95-en-villas-de-san-miguel\/#mainImage"},"datePublished":"2025-05-30T07:54:55-06:00","dateModified":"2025-05-30T07:54:55-06:00"},{"@type":"WebSite","@id":"https:\/\/desarrollosiglo21.com\/#website","url":"https:\/\/desarrollosiglo21.com\/","name":"Desarrollo Siglo XXI","description":"Revista Digital de Informaci\u00f3n y Negocios en Comercio Exterior","inLanguage":"es-MX","publisher":{"@id":"https:\/\/desarrollosiglo21.com\/#organization"}}]},"og:locale":"es_MX","og:site_name":"Desarrollo Siglo XXI - Revista Digital de Informaci\u00f3n y Negocios en Comercio Exterior","og:type":"article","og:title":"BRIGADA \u201cCONTACTO JOVEN\u201d DEL IMJUVE LLEGA A LA SECUNDARIA T\u00c9CNICA 95 EN VILLAS DE SAN MIGUEL - Desarrollo Siglo XXI","og:description":"Como parte de las acciones que impulsa el Gobierno Municipal para fortalecer el v\u00ednculo con la comunidad estudiantil, el Instituto Municipal para la Juventud de Nuevo Laredo (IMJUVE) llev\u00f3 a cabo una jornada de su programa \u201cBrigada Contacto Joven\u201d en la Secundaria T\u00e9cnica No. 95, ubicada en la colonia Villas de San Miguel. El director","og:url":"https:\/\/desarrollosiglo21.com\/index.php\/2025\/05\/30\/brigada-contacto-joven-del-imjuve-llega-a-la-secundaria-tecnica-95-en-villas-de-san-miguel\/","og:image":"https:\/\/desarrollosiglo21.com\/wp-content\/uploads\/2026\/06\/cropped-logo-4.png","og:image:secure_url":"https:\/\/desarrollosiglo21.com\/wp-content\/uploads\/2026\/06\/cropped-logo-4.png","article:published_time":"2025-05-30T13:54:55+00:00","article:modified_time":"2025-05-30T13:54:55+00:00","article:publisher":"https:\/\/facebook.com\/dsiglo21","twitter:card":"summary_large_image","twitter:title":"BRIGADA \u201cCONTACTO JOVEN\u201d DEL IMJUVE LLEGA A LA SECUNDARIA T\u00c9CNICA 95 EN VILLAS DE SAN MIGUEL - Desarrollo Siglo XXI","twitter:description":"Como parte de las acciones que impulsa el Gobierno Municipal para fortalecer el v\u00ednculo con la comunidad estudiantil, el Instituto Municipal para la Juventud de Nuevo Laredo (IMJUVE) llev\u00f3 a cabo una jornada de su programa \u201cBrigada Contacto Joven\u201d en la Secundaria T\u00e9cnica No. 95, ubicada en la colonia Villas de San Miguel. El director","twitter:image":"https:\/\/desarrollosiglo21.com\/wp-content\/uploads\/2026\/06\/cropped-logo-4.png"},"aioseo_meta_data":{"post_id":"4005","title":null,"description":null,"keywords":null,"keyphrases":{"focus":{"keyphrase":"","score":0,"analysis":{"keyphraseInTitle":{"score":0,"maxScore":9,"error":1}}},"additional":[]},"primary_term":null,"canonical_url":null,"og_title":null,"og_description":null,"og_object_type":"default","og_image_type":"default","og_image_url":null,"og_image_width":null,"og_image_height":null,"og_image_custom_url":null,"og_image_custom_fields":null,"og_video":"","og_custom_url":null,"og_article_section":null,"og_article_tags":null,"twitter_use_og":false,"twitter_card":"default","twitter_image_type":"default","twitter_image_url":null,"twitter_image_custom_url":null,"twitter_image_custom_fields":null,"twitter_title":null,"twitter_description":null,"schema":{"blockGraphs":[],"customGraphs":[],"default":{"data":{"Article":[],"Course":[],"Dataset":[],"FAQPage":[],"Movie":[],"Person":[],"Product":[],"ProductReview":[],"Car":[],"Recipe":[],"Service":[],"SoftwareApplication":[],"WebPage":[]},"graphName":"BlogPosting","isEnabled":true},"graphs":[]},"schema_type":"default","schema_type_options":null,"pillar_content":false,"robots_default":true,"robots_noindex":false,"robots_noarchive":false,"robots_nosnippet":false,"robots_nofollow":false,"robots_noimageindex":false,"robots_noodp":false,"robots_notranslate":false,"robots_max_snippet":"-1","robots_max_videopreview":"-1","robots_max_imagepreview":"large","priority":null,"frequency":"default","local_seo":null,"breadcrumb_settings":null,"limit_modified_date":false,"ai":null,"created":"2025-05-30 13:54:55","updated":"2025-09-24 11:00:02","seo_analyzer_scan_date":null},"aioseo_breadcrumb":"<div class=\"aioseo-breadcrumbs\"><span class=\"aioseo-breadcrumb\">\n\t\t\t<a href=\"https:\/\/desarrollosiglo21.com\" title=\"Inicio\">Inicio<\/a>\n\t\t<\/span><span class=\"aioseo-breadcrumb-separator\">&raquo;<\/span><span class=\"aioseo-breadcrumb\">\n\t\t\t<a href=\"https:\/\/desarrollosiglo21.com\/index.php\/category\/locales\/\" title=\"Locales\">Locales<\/a>\n\t\t<\/span><span class=\"aioseo-breadcrumb-separator\">&raquo;<\/span><span class=\"aioseo-breadcrumb\">\n\t\t\tBRIGADA \u201cCONTACTO JOVEN\u201d DEL IMJUVE LLEGA A LA SECUNDARIA T\u00c9CNICA 95 EN VILLAS DE SAN MIGUEL\n\t\t<\/span><\/div>","aioseo_breadcrumb_json":[{"label":"Inicio","link":"https:\/\/desarrollosiglo21.com"},{"label":"Locales","link":"https:\/\/desarrollosiglo21.com\/index.php\/category\/locales\/"},{"label":"BRIGADA \u201cCONTACTO JOVEN\u201d DEL IMJUVE LLEGA A LA SECUNDARIA T\u00c9CNICA 95 EN VILLAS DE SAN MIGUEL","link":"https:\/\/desarrollosiglo21.com\/index.php\/2025\/05\/30\/brigada-contacto-joven-del-imjuve-llega-a-la-secundaria-tecnica-95-en-villas-de-san-miguel\/"}],"featured_image_urls":{"full":["https:\/\/desarrollosiglo21.com\/wp-content\/uploads\/2025\/05\/BRIGADA-JOVEN-2.jpeg",1600,970,false],"thumbnail":["https:\/\/desarrollosiglo21.com\/wp-content\/uploads\/2025\/05\/BRIGADA-JOVEN-2-150x150.jpeg",150,150,true],"medium":["https:\/\/desarrollosiglo21.com\/wp-content\/uploads\/2025\/05\/BRIGADA-JOVEN-2-300x182.jpeg",300,182,true],"medium_large":["https:\/\/desarrollosiglo21.com\/wp-content\/uploads\/2025\/05\/BRIGADA-JOVEN-2-768x466.jpeg",640,388,true],"large":["https:\/\/desarrollosiglo21.com\/wp-content\/uploads\/2025\/05\/BRIGADA-JOVEN-2-1024x621.jpeg",640,388,true],"1536x1536":["https:\/\/desarrollosiglo21.com\/wp-content\/uploads\/2025\/05\/BRIGADA-JOVEN-2-1536x931.jpeg",1536,931,true],"2048x2048":["https:\/\/desarrollosiglo21.com\/wp-content\/uploads\/2025\/05\/BRIGADA-JOVEN-2.jpeg",1600,970,false],"darknews-slider-full":["https:\/\/desarrollosiglo21.com\/wp-content\/uploads\/2025\/05\/BRIGADA-JOVEN-2-1280x720.jpeg",1280,720,true],"darknews-featured":["https:\/\/desarrollosiglo21.com\/wp-content\/uploads\/2025\/05\/BRIGADA-JOVEN-2-1024x621.jpeg",1024,621,true],"darknews-medium":["https:\/\/desarrollosiglo21.com\/wp-content\/uploads\/2025\/05\/BRIGADA-JOVEN-2-720x530.jpeg",720,530,true],"darknews-medium-square":["https:\/\/desarrollosiglo21.com\/wp-content\/uploads\/2025\/05\/BRIGADA-JOVEN-2-350x350.jpeg",350,350,true]},"author_info":{"info":["Minerva Oseguera"]},"category_info":"<a href=\"https:\/\/desarrollosiglo21.com\/index.php\/category\/locales\/\" rel=\"category tag\">Locales<\/a>","tag_info":"Locales","comment_count":0,"_links":{"self":[{"href":"https:\/\/desarrollosiglo21.com\/index.php\/wp-json\/wp\/v2\/posts\/4005","targetHints":{"allow":["GET"]}}],"collection":[{"href":"https:\/\/desarrollosiglo21.com\/index.php\/wp-json\/wp\/v2\/posts"}],"about":[{"href":"https:\/\/desarrollosiglo21.com\/index.php\/wp-json\/wp\/v2\/types\/post"}],"author":[{"embeddable":true,"href":"https:\/\/desarrollosiglo21.com\/index.php\/wp-json\/wp\/v2\/users\/2"}],"replies":[{"embeddable":true,"href":"https:\/\/desarrollosiglo21.com\/index.php\/wp-json\/wp\/v2\/comments?post=4005"}],"version-history":[{"count":1,"href":"https:\/\/desarrollosiglo21.com\/index.php\/wp-json\/wp\/v2\/posts\/4005\/revisions"}],"predecessor-version":[{"id":4007,"href":"https:\/\/desarrollosiglo21.com\/index.php\/wp-json\/wp\/v2\/posts\/4005\/revisions\/4007"}],"wp:featuredmedia":[{"embeddable":true,"href":"https:\/\/desarrollosiglo21.com\/index.php\/wp-json\/wp\/v2\/media\/4006"}],"wp:attachment":[{"href":"https:\/\/desarrollosiglo21.com\/index.php\/wp-json\/wp\/v2\/media?parent=4005"}],"wp:term":[{"taxonomy":"category","embeddable":true,"href":"https:\/\/desarrollosiglo21.com\/index.php\/wp-json\/wp\/v2\/categories?post=4005"},{"taxonomy":"post_tag","embeddable":true,"href":"https:\/\/desarrollosiglo21.com\/index.php\/wp-json\/wp\/v2\/tags?post=4005"}],"curies":[{"name":"wp","href":"https:\/\/api.w.org\/{rel}","templated":true}]}}